{"id":297607,"date":"2024-02-08T05:19:56","date_gmt":"2024-02-08T11:19:56","guid":{"rendered":"https:\/\/plazajuarez.mx\/?p=297607"},"modified":"2024-02-08T05:19:58","modified_gmt":"2024-02-08T11:19:58","slug":"con-trabajo-cambian-la-imagen-urbana-de-metztitlan","status":"publish","type":"post","link":"https:\/\/plazajuarez.mx\/historico\/con-trabajo-cambian-la-imagen-urbana-de-metztitlan\/","title":{"rendered":"Con trabajo, cambian la imagen urbana de Metztitl\u00e1n"},"content":{"rendered":"\n<p>De gira por Metztitl\u00e1n, la titular de Turismo en el gobierno de Hidalgo (Secturh), Elizabeth Quintanar G\u00f3mez, supervis\u00f3 los trabajos de mejora y dignificaci\u00f3n de espacios p\u00fablicos que el programa federal \u201cRutas M\u00e1gicas de Color\u201d realiz\u00f3 en este reci\u00e9n nombrado Pueblo M\u00e1gico.<\/p>\n\n\n\n<p>Durante el recorrido realizado por autoridades de los gobiernos federal, estatal y municipal, as\u00ed como empresarios, la funcionaria constat\u00f3 la culminaci\u00f3n de las obras de rehabilitaci\u00f3n en fachadas intervenidas, ubicadas en las calles Porfirio D\u00edaz, Independencia, Hidalgo y Ferm\u00edn Mora, en el Centro Hist\u00f3rico de este municipio de la Sierra Baja del estado.&nbsp;<\/p>\n\n\n\n<p>Quintanar G\u00f3mez record\u00f3 que a trav\u00e9s de las \u201cRutas M\u00e1gicas de Color\u201d, en colaboraci\u00f3n con la Fundaci\u00f3n Coraz\u00f3n Urbano AC, los municipios Acaxochitl\u00e1n y Tecozautla, as\u00ed como el Barrio M\u00e1gico \u201cEl Arbolito\u201d, en Pachuca, han sido beneficiados con el mejoramiento de su imagen urbana, para posicionar a estos destinos tur\u00edsticos por sus atractivos, historia, tradici\u00f3n, cultura y gastronom\u00eda.<\/p>\n","protected":false},"excerpt":{"rendered":"<p>De gira por Metztitl\u00e1n, la titular de Turismo en el gobierno de Hidalgo (Secturh), Elizabeth Quintanar G\u00f3mez, supervis\u00f3 los trabajos de mejora y dignificaci\u00f3n de espacios p\u00fablicos que el programa federal \u201cRutas M\u00e1gicas de Color\u201d realiz\u00f3 en este reci\u00e9n nombrado Pueblo M\u00e1gico. Durante el recorrido realizado por autoridades de los gobiernos federal, estatal y municipal, [&hellip;]<\/p>\n","protected":false},"author":93,"featured_media":297608,"comment_status":"closed","ping_status":"closed","sticky":false,"template":"","format":"standard","meta":{"footnotes":""},"categories":[59],"tags":[],"class_list":["post-297607","post","type-post","status-publish","format-standard","has-post-thumbnail","hentry","category-general"],"_links":{"self":[{"href":"https:\/\/plazajuarez.mx\/historico\/wp-json\/wp\/v2\/posts\/297607","targetHints":{"allow":["GET"]}}],"collection":[{"href":"https:\/\/plazajuarez.mx\/historico\/wp-json\/wp\/v2\/posts"}],"about":[{"href":"https:\/\/plazajuarez.mx\/historico\/wp-json\/wp\/v2\/types\/post"}],"author":[{"embeddable":true,"href":"https:\/\/plazajuarez.mx\/historico\/wp-json\/wp\/v2\/users\/93"}],"replies":[{"embeddable":true,"href":"https:\/\/plazajuarez.mx\/historico\/wp-json\/wp\/v2\/comments?post=297607"}],"version-history":[{"count":0,"href":"https:\/\/plazajuarez.mx\/historico\/wp-json\/wp\/v2\/posts\/297607\/revisions"}],"wp:featuredmedia":[{"embeddable":true,"href":"https:\/\/plazajuarez.mx\/historico\/wp-json\/wp\/v2\/media\/297608"}],"wp:attachment":[{"href":"https:\/\/plazajuarez.mx\/historico\/wp-json\/wp\/v2\/media?parent=297607"}],"wp:term":[{"taxonomy":"category","embeddable":true,"href":"https:\/\/plazajuarez.mx\/historico\/wp-json\/wp\/v2\/categories?post=297607"},{"taxonomy":"post_tag","embeddable":true,"href":"https:\/\/plazajuarez.mx\/historico\/wp-json\/wp\/v2\/tags?post=297607"}],"curies":[{"name":"wp","href":"https:\/\/api.w.org\/{rel}","templated":true}]}}