{"id":297604,"date":"2024-02-08T05:19:01","date_gmt":"2024-02-08T11:19:01","guid":{"rendered":"https:\/\/plazajuarez.mx\/?p=297604"},"modified":"2024-02-08T05:19:03","modified_gmt":"2024-02-08T11:19:03","slug":"destinan-mas-de-18-mdp-para-educacion-especial","status":"publish","type":"post","link":"https:\/\/plazajuarez.mx\/historico\/destinan-mas-de-18-mdp-para-educacion-especial\/","title":{"rendered":"Destinan m\u00e1s de 18 mdp\u00a0para Educaci\u00f3n Especial"},"content":{"rendered":"\n<p>\u201c\u00a1Qu\u00e9 siempre la mente, la mano y el coraz\u00f3n trabajen en beneficio de las poblaciones hist\u00f3ricamente vulnerables, porque primero es la educaci\u00f3n, primero es el pueblo!\u201d, declar\u00f3 a nombre de sus compa\u00f1eras y compa\u00f1eros, Alejandro Yael Delgadillo G\u00f3mez, alumno del Centro de Atenci\u00f3n M\u00faltiple N\u00famero 1, quien recibi\u00f3 de parte del gobernador Julio Menchaca Salazar equipamiento espec\u00edfico para estudiantes con discapacidad y\/o aptitudes sobresalientes.\u00a0<\/p>\n\n\n\n<p>En su mensaje, el mandatario estatal refrend\u00f3 el compromiso de su administraci\u00f3n de ver por el esfuerzo de la realizaci\u00f3n de las ni\u00f1as y de los ni\u00f1os, que con el apoyo de sus familias, maestras y maestros, logran superar los retos del d\u00eda a d\u00eda. Adem\u00e1s, asegur\u00f3 que el gobierno que encabeza forma alianzas para generar mejores condiciones de vida para las y los hidalguenses, a fin de inhibir la migraci\u00f3n.<\/p>\n\n\n\n<p>Durante este evento se dio a conocer que el gobierno de Hidalgo destin\u00f3 un presupuesto de m\u00e1s de 18 millones 900 mil pesos para la compra de <em>laptops<\/em>, proyectores, multifuncionales, material did\u00e1ctico y especializado, equipo multimedia, servicio de lavander\u00eda, entre otros insumos no perecederos para el correcto funcionamiento de los distintos Centros de Atenci\u00f3n M\u00faltiples en la entidad.&nbsp;<\/p>\n\n\n\n<p>Natividad Castrej\u00f3n Valdez, titular de la Secretar\u00eda de Educaci\u00f3n P\u00fablica de Hidalgo (SEPH), destac\u00f3 que la entrega de este equipamiento es un llamado a la reflexi\u00f3n: \u201cHoy en d\u00eda la fuerza y la salud de una sociedad la podemos medir en el acompa\u00f1amiento que se da a sectores marginados\u201d.<\/p>\n","protected":false},"excerpt":{"rendered":"<p>\u201c\u00a1Qu\u00e9 siempre la mente, la mano y el coraz\u00f3n trabajen en beneficio de las poblaciones hist\u00f3ricamente vulnerables, porque primero es la educaci\u00f3n, primero es el pueblo!\u201d, declar\u00f3 a nombre de sus compa\u00f1eras y compa\u00f1eros, Alejandro Yael Delgadillo G\u00f3mez, alumno del Centro de Atenci\u00f3n M\u00faltiple N\u00famero 1, quien recibi\u00f3 de parte del gobernador Julio Menchaca Salazar [&hellip;]<\/p>\n","protected":false},"author":93,"featured_media":297605,"comment_status":"closed","ping_status":"closed","sticky":false,"template":"","format":"standard","meta":{"footnotes":""},"categories":[59],"tags":[],"class_list":["post-297604","post","type-post","status-publish","format-standard","has-post-thumbnail","hentry","category-general"],"_links":{"self":[{"href":"https:\/\/plazajuarez.mx\/historico\/wp-json\/wp\/v2\/posts\/297604","targetHints":{"allow":["GET"]}}],"collection":[{"href":"https:\/\/plazajuarez.mx\/historico\/wp-json\/wp\/v2\/posts"}],"about":[{"href":"https:\/\/plazajuarez.mx\/historico\/wp-json\/wp\/v2\/types\/post"}],"author":[{"embeddable":true,"href":"https:\/\/plazajuarez.mx\/historico\/wp-json\/wp\/v2\/users\/93"}],"replies":[{"embeddable":true,"href":"https:\/\/plazajuarez.mx\/historico\/wp-json\/wp\/v2\/comments?post=297604"}],"version-history":[{"count":0,"href":"https:\/\/plazajuarez.mx\/historico\/wp-json\/wp\/v2\/posts\/297604\/revisions"}],"wp:featuredmedia":[{"embeddable":true,"href":"https:\/\/plazajuarez.mx\/historico\/wp-json\/wp\/v2\/media\/297605"}],"wp:attachment":[{"href":"https:\/\/plazajuarez.mx\/historico\/wp-json\/wp\/v2\/media?parent=297604"}],"wp:term":[{"taxonomy":"category","embeddable":true,"href":"https:\/\/plazajuarez.mx\/historico\/wp-json\/wp\/v2\/categories?post=297604"},{"taxonomy":"post_tag","embeddable":true,"href":"https:\/\/plazajuarez.mx\/historico\/wp-json\/wp\/v2\/tags?post=297604"}],"curies":[{"name":"wp","href":"https:\/\/api.w.org\/{rel}","templated":true}]}}