{"id":297602,"date":"2024-02-08T05:17:17","date_gmt":"2024-02-08T11:17:17","guid":{"rendered":"https:\/\/plazajuarez.mx\/?p=297602"},"modified":"2024-02-08T05:17:38","modified_gmt":"2024-02-08T11:17:38","slug":"regreso-a-clases-cifras-educativas-en-el-nivel-superior-parte-iii","status":"publish","type":"post","link":"https:\/\/plazajuarez.mx\/historico\/regreso-a-clases-cifras-educativas-en-el-nivel-superior-parte-iii\/","title":{"rendered":"Regreso a clases. \u00bfCifras educativas en el nivel superior?\u00a0 (parte III)"},"content":{"rendered":"\n<h2 class=\"wp-block-heading\">Agenda educativa<\/h2>\n\n\n\n<p>A finales de enero y principios de febrero de cada a\u00f1o, y seg\u00fan los calendarios, todas las instituciones del nivel superior regresan a clases en sus diversas modalidades (presencial, virtual, mixta). \u00bfQu\u00e9 instancias oficiales dan cuenta de la complejidad y el volumen del nivel educativo terciario?<\/p>\n\n\n\n<p>Seg\u00fan la p\u00e1gina web oficial de la Subsecretar\u00eda de Educaci\u00f3n Superior (SEP), da cuenta de la complejidad del nivel educativo terciario a trav\u00e9s de la clasificaci\u00f3n de 12 subsistemas de educaci\u00f3n superior (ver tabla), una clasificaci\u00f3n muy similar a la que expresaba la OCDE (2019). Sin embargo, tenemos dos problemas para el an\u00e1lisis; por un lado, en la clasificaci\u00f3n de la SEP est\u00e1n fuera el conjunto de Instituciones de Educaci\u00f3n Superior (IES) privadas (universidades, normales y un largo etc\u00e9tera).&nbsp;<\/p>\n\n\n\n<p>Por otro lado, s\u00f3lo 11 subsistemas de educaci\u00f3n superior tienen consistencia en sus caracter\u00edsticas, formas de organizaci\u00f3n y financiamiento, no as\u00ed la clasificaci\u00f3n \u201cOtras instituciones p\u00fablicas\u201d en la cual la SEP mete casi todo lo que se ha acumulado en educaci\u00f3n superior de los \u00faltimos a\u00f1os.<\/p>\n\n\n\n<p>En la clasificaci\u00f3n \u201cOtras instituciones p\u00fablicas\u201d la SEP coloca <em>grosso modo<\/em>: IES a cargo del ej\u00e9rcito, la fuerza a\u00e9rea y la marina, las que tiene una orientaci\u00f3n en materia judicial, artes, salud, deportes, historia, acuerdos internacionales (como CREFAL) y aquellas IES que nacieron como propuestas educativas tanto de la CDMX, el Estado de M\u00e9xico y los gobiernos estatales.<\/p>\n\n\n\n<p>Justo en esta clasificaci\u00f3n de \u201cotras instituciones p\u00fablicas\u201d se encuentra la propuesta del gobierno de AMLO, las universidades para el Bienestar Benito Ju\u00e1rez Garc\u00eda. Y bien podr\u00eda caber en esta clasificaci\u00f3n el conglomerado Universidad Rosario Castellanos -creada por la ahora candidata presidencial, Claudia Sheinbaum- y las Universidades de la Salud.&nbsp;<\/p>\n\n\n\n<p>No es de extra\u00f1ar que esta gran ausencia de las recientes IES y su dif\u00edcil clasificaci\u00f3n como un subsistema de educaci\u00f3n con caracter\u00edsticas y formas de organizaci\u00f3n similares tenga como consecuencia y como com\u00fan denominador otro problema: las cifras educativas.&nbsp;<\/p>\n\n\n\n<p>\u00bfQu\u00e9 cifras educativas hay de los diversos subsistemas de educaci\u00f3n superior y de aquellas que no est\u00e1n clasificadas en cuanto a infraestructura, matr\u00edcula, personal docente y administrativo y un largo etc\u00e9tera? En este punto, el trabajo de la SEP ha resultado insuficiente, pese a su tama\u00f1o y recursos.&nbsp;<\/p>\n\n\n\n<p>Tabla. SEP. Instituciones educativas.&nbsp;<\/p>\n\n\n\n<figure class=\"wp-block-table\"><table><tbody><tr><td>Universidades P\u00fablicas Federales<\/td><td>Universidades P\u00fablicas Estatales<\/td><td>Universidades Tecnol\u00f3gicas<\/td><td>Universidades P\u00fablicas Estatales con Apoyo Solidario<\/td><td>Institutos Tecnol\u00f3gicos<\/td><td>Universidades Polit\u00e9cnicas<\/td><\/tr><tr><td>Universidad Pedag\u00f3gica Nacional<\/td><td>Universidad Abierta y a Distancia de M\u00e9xico<\/td><td>Universidades Interculturales<\/td><td>Escuelas Normales P\u00fablicas<\/td><td>Centros p\u00fablicos de Investigaci\u00f3n<\/td><td>Otras instituciones p\u00fablicas<\/td><\/tr><\/tbody><\/table><\/figure>\n\n\n\n<p>Informaci\u00f3n tomada de la p\u00e1gina web oficial de la Subsecretar\u00eda de Educaci\u00f3n Superior, SEP.&nbsp;<\/p>\n\n\n\n<p><strong>X@cesargarcia131<\/strong><\/p>\n","protected":false},"excerpt":{"rendered":"<p>Agenda educativa A finales de enero y principios de febrero de cada a\u00f1o, y seg\u00fan los calendarios, todas las instituciones del nivel superior regresan a clases en sus diversas modalidades (presencial, virtual, mixta). \u00bfQu\u00e9 instancias oficiales dan cuenta de la complejidad y el volumen del nivel educativo terciario? Seg\u00fan la p\u00e1gina web oficial de la [&hellip;]<\/p>\n","protected":false},"author":114,"featured_media":294836,"comment_status":"closed","ping_status":"closed","sticky":false,"template":"","format":"standard","meta":{"footnotes":""},"categories":[2587,42],"tags":[],"class_list":["post-297602","post","type-post","status-publish","format-standard","has-post-thumbnail","hentry","category-dr-cesar-garcia","category-nuestrapalabra"],"_links":{"self":[{"href":"https:\/\/plazajuarez.mx\/historico\/wp-json\/wp\/v2\/posts\/297602","targetHints":{"allow":["GET"]}}],"collection":[{"href":"https:\/\/plazajuarez.mx\/historico\/wp-json\/wp\/v2\/posts"}],"about":[{"href":"https:\/\/plazajuarez.mx\/historico\/wp-json\/wp\/v2\/types\/post"}],"author":[{"embeddable":true,"href":"https:\/\/plazajuarez.mx\/historico\/wp-json\/wp\/v2\/users\/114"}],"replies":[{"embeddable":true,"href":"https:\/\/plazajuarez.mx\/historico\/wp-json\/wp\/v2\/comments?post=297602"}],"version-history":[{"count":0,"href":"https:\/\/plazajuarez.mx\/historico\/wp-json\/wp\/v2\/posts\/297602\/revisions"}],"wp:featuredmedia":[{"embeddable":true,"href":"https:\/\/plazajuarez.mx\/historico\/wp-json\/wp\/v2\/media\/294836"}],"wp:attachment":[{"href":"https:\/\/plazajuarez.mx\/historico\/wp-json\/wp\/v2\/media?parent=297602"}],"wp:term":[{"taxonomy":"category","embeddable":true,"href":"https:\/\/plazajuarez.mx\/historico\/wp-json\/wp\/v2\/categories?post=297602"},{"taxonomy":"post_tag","embeddable":true,"href":"https:\/\/plazajuarez.mx\/historico\/wp-json\/wp\/v2\/tags?post=297602"}],"curies":[{"name":"wp","href":"https:\/\/api.w.org\/{rel}","templated":true}]}}