{"id":297503,"date":"2024-02-07T06:25:20","date_gmt":"2024-02-07T12:25:20","guid":{"rendered":"https:\/\/plazajuarez.mx\/?p=297503"},"modified":"2024-02-07T06:25:23","modified_gmt":"2024-02-07T12:25:23","slug":"proxima-gala-del-premio-lo-nuestro","status":"publish","type":"post","link":"https:\/\/plazajuarez.mx\/historico\/proxima-gala-del-premio-lo-nuestro\/","title":{"rendered":"Pr\u00f3xima gala del Premio Lo Nuestro"},"content":{"rendered":"\n<p>El grupo de m\u00fasica regional mexicana Banda MS, el colombiano Maluma y la dominicana Natti Natasha actuar\u00e1n en la pr\u00f3xima gala del Premio Lo Nuestro, que se celebrar\u00e1 en Miami el 22 de febrero, inform\u00f3 este martes TelevisaUnivision, organizador de la ceremonia.&nbsp;<\/p>\n\n\n\n<p>La cadena hispana anunci\u00f3 hoy la primera ronda de artistas confirmados que subir\u00e1n al escenario, la cual se completa con los reguetoneros Wisin y Yandel, as\u00ed como la compositora e int\u00e9rprete argentina Emilia.<\/p>\n\n\n\n<p>Maluma actuar\u00e1 en el Kaseya Center de Miami, sede de la premiaci\u00f3n, en calidad de m\u00e1ximo favorito en la edici\u00f3n de este a\u00f1o, mientras que Natti Natasha, con tres nominaciones, estrenar\u00e1 su nuevo sencillo en este evento.<\/p>\n\n\n\n<p>Entre los 180 nominados de la pr\u00f3xima edici\u00f3n, distribuidos en 38 categor\u00edas, parten como favoritos el colombiano Maluma, con 14 menciones, seguido de los exponentes de la m\u00fasica mexicana Peso Pluma y Grupo Frontera, con 13 y 10 reconocimientos respectivamente, as\u00ed como Feid y Karol G, que obtuvieron 9 nominaciones cada uno.<\/p>\n\n\n\n<p>En la edici\u00f3n de este a\u00f1o, las cantantes Ana B\u00e1rbara y Olga Ta\u00f1\u00f3n, y el int\u00e9rprete de reguet\u00f3n Don Omar, recibir\u00e1n reconocimientos especiales por sus dilatadas carreras.<\/p>\n","protected":false},"excerpt":{"rendered":"<p>El grupo de m\u00fasica regional mexicana Banda MS, el colombiano Maluma y la dominicana Natti Natasha actuar\u00e1n en la pr\u00f3xima gala del Premio Lo Nuestro, que se celebrar\u00e1 en Miami el 22 de febrero, inform\u00f3 este martes TelevisaUnivision, organizador de la ceremonia.&nbsp; La cadena hispana anunci\u00f3 hoy la primera ronda de artistas confirmados que subir\u00e1n [&hellip;]<\/p>\n","protected":false},"author":80,"featured_media":297504,"comment_status":"closed","ping_status":"closed","sticky":false,"template":"","format":"standard","meta":{"footnotes":""},"categories":[38],"tags":[],"class_list":["post-297503","post","type-post","status-publish","format-standard","has-post-thumbnail","hentry","category-show"],"_links":{"self":[{"href":"https:\/\/plazajuarez.mx\/historico\/wp-json\/wp\/v2\/posts\/297503","targetHints":{"allow":["GET"]}}],"collection":[{"href":"https:\/\/plazajuarez.mx\/historico\/wp-json\/wp\/v2\/posts"}],"about":[{"href":"https:\/\/plazajuarez.mx\/historico\/wp-json\/wp\/v2\/types\/post"}],"author":[{"embeddable":true,"href":"https:\/\/plazajuarez.mx\/historico\/wp-json\/wp\/v2\/users\/80"}],"replies":[{"embeddable":true,"href":"https:\/\/plazajuarez.mx\/historico\/wp-json\/wp\/v2\/comments?post=297503"}],"version-history":[{"count":0,"href":"https:\/\/plazajuarez.mx\/historico\/wp-json\/wp\/v2\/posts\/297503\/revisions"}],"wp:featuredmedia":[{"embeddable":true,"href":"https:\/\/plazajuarez.mx\/historico\/wp-json\/wp\/v2\/media\/297504"}],"wp:attachment":[{"href":"https:\/\/plazajuarez.mx\/historico\/wp-json\/wp\/v2\/media?parent=297503"}],"wp:term":[{"taxonomy":"category","embeddable":true,"href":"https:\/\/plazajuarez.mx\/historico\/wp-json\/wp\/v2\/categories?post=297503"},{"taxonomy":"post_tag","embeddable":true,"href":"https:\/\/plazajuarez.mx\/historico\/wp-json\/wp\/v2\/tags?post=297503"}],"curies":[{"name":"wp","href":"https:\/\/api.w.org\/{rel}","templated":true}]}}