{"id":297254,"date":"2024-02-05T10:21:12","date_gmt":"2024-02-05T16:21:12","guid":{"rendered":"https:\/\/plazajuarez.mx\/?p=297254"},"modified":"2024-02-05T10:21:14","modified_gmt":"2024-02-05T16:21:14","slug":"brasil-hierve-a-una-semana-del-carnaval-con-expectativa-de-facturacion-record","status":"publish","type":"post","link":"https:\/\/plazajuarez.mx\/historico\/brasil-hierve-a-una-semana-del-carnaval-con-expectativa-de-facturacion-record\/","title":{"rendered":"Brasil hierve a una semana del Carnaval, con expectativa de facturaci\u00f3n r\u00e9cord"},"content":{"rendered":"\n<p>El Carnaval ya ha despertado las calles brasile\u00f1as, a menos de una semana de su momento \u00e1lgido. El motor econ\u00f3mico que alimenta la fiesta funciona a pleno rendimiento con la esperanza de recaudar alrededor de 9.000 millones de reales (unos 1.800 millones de d\u00f3lares).<\/p>\n\n\n\n<p>La Confederaci\u00f3n Nacional de Comercio prev\u00e9 que las festividades dejen este a\u00f1o una facturaci\u00f3n r\u00e9cord, un 10 % superior a la del a\u00f1o pasado, adem\u00e1s de 25.000 empleos temporales y una ocupaci\u00f3n hotelera de m\u00e1s del 60 % en todo el pa\u00eds.<\/p>\n\n\n\n<p>En la c\u00e9ntrica calle 25 de marzo de S\u00e3o Paulo, uno de los lugares favoritos para conseguir un disfraz, apenas hay espacio para caminar en las aceras repletas de clientes. En las tiendas, claro, no faltan las lentejuelas y los colores ne\u00f3n.<\/p>\n\n\n\n<p>\u201cBendito Carnaval\u201d, proclama una pancarta en la entrada de una de ellas. Karina Theodoro, la gerente del establecimiento, explica a EFE que el aumento de las ventas comenz\u00f3 en la primera semana de enero.<\/p>\n\n\n\n<p>Entre los clientes que rebuscan entre los coloridos y brillantes productos se encuentra M\u00f3nica G\u00f3mez, que dice empezar a buscar accesorios tan pronto como termina el Carnaval anterior.<\/p>\n\n\n\n<p>El presupuesto de G\u00f3mez para este a\u00f1o es de unos 200 reales (38 d\u00f3lares), pero hay compradores que llegan a gastar m\u00e1s de 500 reales en una sola compra, seg\u00fan Luiz Gustavo de Oliveira, gerente de otra tienda en la 25 de marzo.<\/p>\n\n\n\n<h2 class=\"wp-block-heading\"><\/h2>\n\n\n\n<h2 class=\"wp-block-heading\"><strong>La F\u00e1brica del Carnaval<\/strong><\/h2>\n\n\n\n<p>En la F\u00e1brica de la Samba de S\u00e3o Paulo, donde se produce todo lo necesario para sacar adelante los desfiles, el Carnaval lleva gest\u00e1ndose desde hace meses.<\/p>\n\n\n\n<p>Los gigantescos portones de lo que parece un hangar de aeropuerto esconden las carrozas de cada escuela de samba, en las que pintores y soldadores a\u00fan trabajan sin descanso ultimando cada detalle antes del desfile del pr\u00f3ximo fin de semana en el samb\u00f3dromo.<\/p>\n\n\n\n<p>Luiz Robles, coordinador de la escuela Vai-Vai, la mayor campeona de la ciudad que lleva desfilando desde 1930, revela a EFE que los preparativos comenzaron en marzo pasado. A pesar de la antelaci\u00f3n, explica que \u201cel mayor desaf\u00edo siempre es llegar a tiempo\u201d.<\/p>\n\n\n\n<p>Los ensayos se han realizado cada domingo desde agosto para afinar el desfile de m\u00e1s de 2.000 personas, que este a\u00f1o se disfrazar\u00e1n para celebrar los 50 a\u00f1os del hip hop, el g\u00e9nero musical.<\/p>\n\n\n\n<p>Organizar un proyecto de semejante envergadura cuesta a esta escuela cerca de tres millones de reales y en todo el proceso se generan alrededor de 600 puestos de trabajo, entre carpinteros, soldadores, escultores, dise\u00f1adores y costureras.<\/p>\n\n\n\n<p>Pero la econom\u00eda del Carnaval va m\u00e1s all\u00e1 de los desfiles en el samb\u00f3dromo. El sector se ha sofisticado con los a\u00f1os y ahora hay opciones para todos los p\u00fablicos, desde el que busca lanzarse a la calle con lo m\u00ednimo puesto al que quiere un ambiente m\u00e1s exclusivo.<\/p>\n\n\n\n<h2 class=\"wp-block-heading\"><strong>Las fiestas privadas que mueven millones<\/strong><\/h2>\n\n\n\n<p>En Salvador, capital de Bah\u00eda, la empresaria Luciana Villas-Boas dirige Camarote Salvador, una fiesta privada cuyas entradas para un d\u00eda cuestan hasta 4.500 reales y que dice dar trabajo a unas 5.000 personas, directa o indirectamente.<\/p>\n\n\n\n<p>\u201cHay mucha demanda por fiestas durante el Carnaval, pero el sector tambi\u00e9n est\u00e1 muy segmentado con productos para familias, personas mayores. El nuestro es el p\u00fablico soltero que frecuenta el verano europeo\u201d, explica a EFE la empresaria.<\/p>\n\n\n\n<p>Adem\u00e1s de los habituales conciertos de m\u00fasica electr\u00f3nica y samba brasile\u00f1a, este a\u00f1o la oferta incluye un concierto del reguetonero colombiano J Balvin. \u201cEl reguet\u00f3n era el ritmo que faltaba\u201d, dice Villas-Boas.<\/p>\n","protected":false},"excerpt":{"rendered":"<p>El Carnaval ya ha despertado las calles brasile\u00f1as, a menos de una semana de su momento \u00e1lgido. El motor econ\u00f3mico que alimenta la fiesta funciona a pleno rendimiento con la esperanza de recaudar alrededor de 9.000 millones de reales (unos 1.800 millones de d\u00f3lares). La Confederaci\u00f3n Nacional de Comercio prev\u00e9 que las festividades dejen este [&hellip;]<\/p>\n","protected":false},"author":80,"featured_media":297255,"comment_status":"closed","ping_status":"closed","sticky":false,"template":"","format":"standard","meta":{"footnotes":""},"categories":[31],"tags":[],"class_list":["post-297254","post","type-post","status-publish","format-standard","has-post-thumbnail","hentry","category-orbe"],"_links":{"self":[{"href":"https:\/\/plazajuarez.mx\/historico\/wp-json\/wp\/v2\/posts\/297254","targetHints":{"allow":["GET"]}}],"collection":[{"href":"https:\/\/plazajuarez.mx\/historico\/wp-json\/wp\/v2\/posts"}],"about":[{"href":"https:\/\/plazajuarez.mx\/historico\/wp-json\/wp\/v2\/types\/post"}],"author":[{"embeddable":true,"href":"https:\/\/plazajuarez.mx\/historico\/wp-json\/wp\/v2\/users\/80"}],"replies":[{"embeddable":true,"href":"https:\/\/plazajuarez.mx\/historico\/wp-json\/wp\/v2\/comments?post=297254"}],"version-history":[{"count":0,"href":"https:\/\/plazajuarez.mx\/historico\/wp-json\/wp\/v2\/posts\/297254\/revisions"}],"wp:featuredmedia":[{"embeddable":true,"href":"https:\/\/plazajuarez.mx\/historico\/wp-json\/wp\/v2\/media\/297255"}],"wp:attachment":[{"href":"https:\/\/plazajuarez.mx\/historico\/wp-json\/wp\/v2\/media?parent=297254"}],"wp:term":[{"taxonomy":"category","embeddable":true,"href":"https:\/\/plazajuarez.mx\/historico\/wp-json\/wp\/v2\/categories?post=297254"},{"taxonomy":"post_tag","embeddable":true,"href":"https:\/\/plazajuarez.mx\/historico\/wp-json\/wp\/v2\/tags?post=297254"}],"curies":[{"name":"wp","href":"https:\/\/api.w.org\/{rel}","templated":true}]}}