{"id":297051,"date":"2024-02-02T05:48:58","date_gmt":"2024-02-02T11:48:58","guid":{"rendered":"https:\/\/plazajuarez.mx\/?p=297051"},"modified":"2024-02-02T05:49:28","modified_gmt":"2024-02-02T11:49:28","slug":"revisaran-con-lupa-iniciativas-del-ejecutivo-federal","status":"publish","type":"post","link":"https:\/\/plazajuarez.mx\/historico\/revisaran-con-lupa-iniciativas-del-ejecutivo-federal\/","title":{"rendered":"Revisar\u00e1n con lupa iniciativas del Ejecutivo federal"},"content":{"rendered":"\n<p>El diputado federal por el Partido de la Revoluci\u00f3n Democr\u00e1tica (PRD), H\u00e9ctor Ch\u00e1vez Ru\u00edz, asegur\u00f3 que en el Congreso de la Uni\u00f3n, continuar\u00e1n impulsando iniciativas en beneficio de la poblaci\u00f3n, adem\u00e1s revisar\u00e1n con \u201clupa\u201d, aquellas que env\u00ede el presidente de la Rep\u00fablica, Andr\u00e9s Manuel L\u00f3pez Obrador.<\/p>\n\n\n\n<p>Mencion\u00f3: \u201cel a\u00f1o pasado presentamos varias iniciativas, tambi\u00e9n nos opusimos a algunas del Ejecutivo, el tema que nos ped\u00edan mucho los transportistas era que trataramos de implementar una iniciativa para que existiera un seguro en las carreteras para cuando hubiera un asalto y pierdan su mercanc\u00eda, sea el concesionario quien pudiera pagar el seguro. Hay iniciativas que todav\u00eda tenemos que seguir impulsando\u201d.<\/p>\n\n\n\n<p>Se\u00f1al\u00f3 que si bien se esperaba que el presente periodo legislativo fuera tranquilo debido al proceso electoral, el env\u00edo de iniciativas del ejecutivo federal cambia el panorama, pues deben ser revisadas a detalle.<\/p>\n\n\n\n<p>Coment\u00f3: \u201cpara este periodo se esperaba tranquilo por ser un cierre y etapa electoral, pero el presidente mandar\u00e1 unas iniciativas que revisaremos con lupa para, sobre todo, en el tema de seguridad social de los trabajadores, no se pongan en riesgo ni sus ahorros, ni su futuro\u201d.<\/p>\n\n\n\n<p>Dato: Si bien se esperaba que el presente periodo legislativo fuera tranquilo debido al proceso electoral, el env\u00edo de iniciativas del ejecutivo federal cambia el panorama<\/p>\n\n\n\n<p><\/p>\n","protected":false},"excerpt":{"rendered":"<p>El diputado federal por el Partido de la Revoluci\u00f3n Democr\u00e1tica (PRD), H\u00e9ctor Ch\u00e1vez Ru\u00edz, asegur\u00f3 que en el Congreso de la Uni\u00f3n, continuar\u00e1n impulsando iniciativas en beneficio de la poblaci\u00f3n, adem\u00e1s revisar\u00e1n con \u201clupa\u201d, aquellas que env\u00ede el presidente de la Rep\u00fablica, Andr\u00e9s Manuel L\u00f3pez Obrador. Mencion\u00f3: \u201cel a\u00f1o pasado presentamos varias iniciativas, tambi\u00e9n nos [&hellip;]<\/p>\n","protected":false},"author":73,"featured_media":297052,"comment_status":"closed","ping_status":"closed","sticky":false,"template":"","format":"standard","meta":{"footnotes":""},"categories":[15,59],"tags":[],"class_list":["post-297051","post","type-post","status-publish","format-standard","has-post-thumbnail","hentry","category-destacadas","category-general"],"_links":{"self":[{"href":"https:\/\/plazajuarez.mx\/historico\/wp-json\/wp\/v2\/posts\/297051","targetHints":{"allow":["GET"]}}],"collection":[{"href":"https:\/\/plazajuarez.mx\/historico\/wp-json\/wp\/v2\/posts"}],"about":[{"href":"https:\/\/plazajuarez.mx\/historico\/wp-json\/wp\/v2\/types\/post"}],"author":[{"embeddable":true,"href":"https:\/\/plazajuarez.mx\/historico\/wp-json\/wp\/v2\/users\/73"}],"replies":[{"embeddable":true,"href":"https:\/\/plazajuarez.mx\/historico\/wp-json\/wp\/v2\/comments?post=297051"}],"version-history":[{"count":0,"href":"https:\/\/plazajuarez.mx\/historico\/wp-json\/wp\/v2\/posts\/297051\/revisions"}],"wp:featuredmedia":[{"embeddable":true,"href":"https:\/\/plazajuarez.mx\/historico\/wp-json\/wp\/v2\/media\/297052"}],"wp:attachment":[{"href":"https:\/\/plazajuarez.mx\/historico\/wp-json\/wp\/v2\/media?parent=297051"}],"wp:term":[{"taxonomy":"category","embeddable":true,"href":"https:\/\/plazajuarez.mx\/historico\/wp-json\/wp\/v2\/categories?post=297051"},{"taxonomy":"post_tag","embeddable":true,"href":"https:\/\/plazajuarez.mx\/historico\/wp-json\/wp\/v2\/tags?post=297051"}],"curies":[{"name":"wp","href":"https:\/\/api.w.org\/{rel}","templated":true}]}}