{"id":297044,"date":"2024-02-02T05:45:09","date_gmt":"2024-02-02T11:45:09","guid":{"rendered":"https:\/\/plazajuarez.mx\/?p=297044"},"modified":"2024-02-02T05:45:11","modified_gmt":"2024-02-02T11:45:11","slug":"rinden-homenaje-a-gabriel-lopez-bracho","status":"publish","type":"post","link":"https:\/\/plazajuarez.mx\/historico\/rinden-homenaje-a-gabriel-lopez-bracho\/","title":{"rendered":"Rinden homenaje a Gabriel L\u00f3pez Bracho"},"content":{"rendered":"\n<p>El ayuntamiento de Huasca de Ocampo reconoci\u00f3 a Gabriel L\u00f3pez Bracho, huasquense fundador del sindicalismo municipal en la entidad, lo anterior mediante&nbsp; una ceremonia c\u00edvica en la que L\u00f3pez Bracho de 74 a\u00f1os de edad estuvo acompa\u00f1ado de su familia y amigos.<\/p>\n\n\n\n<p>En el homenaje se inform\u00f3 que el 14 de mayo de 1977, con 104 trabajadores de los departamentos de Parques y Jardines, Pante\u00f3n, Obras P\u00fablicas, Mercados, Limpia y Transporte, L\u00f3pez Bracho fund\u00f3 el Sindicato \u00danico de Trabajadores al Servicio del Municipio de Pachuca (SUTSMP).<\/p>\n\n\n\n<p>Entre las conquistas laborales ganadas y firmadas por el entonces alcalde de Pachuca, Ernesto Gil Elorduy, como fueron: el 50 por ciento&nbsp; de prima vacacional; 10 por ciento de pago en cada quinquenio; adquisici\u00f3n de terreno y construcci\u00f3n de las oficinas que ocupa el sindicato.<\/p>\n\n\n\n<p>Tambi\u00e9n, el Ingreso al r\u00e9gimen de Seguridad Social ISSSTE; becas para los trabajadores que estudien as\u00ed como para sus hijos; jubilaciones en tres modalidades: antig\u00fcedad de 25 a\u00f1os laborales, por edad (sesentia) o accidente al 100 por ciento; salario m\u00ednimo para todos los trabajadores; seguro de vida, periodo vacacional anual y prima vacacional, otorgamiento de despensa, as\u00ed como 40 horas de trabajo semanal (ocho horas diarias), entre otros.&nbsp;<\/p>\n\n\n\n<p>Y que de igual forma contribuy\u00f3 a la creaci\u00f3n de otros sindicatos.<\/p>\n\n\n\n<p>De igual forma, las autoridades enunciaron algunos otros m\u00e9ritos del huasquense del que dijeron ha puesto en alto el nombre del municipio, y finalmente le otorgaron un reconocimiento&nbsp; como &#8220;Fundador y L\u00edder del sindicalismo municipal en el Estado de Hidalgo&#8221;.<\/p>\n","protected":false},"excerpt":{"rendered":"<p>El ayuntamiento de Huasca de Ocampo reconoci\u00f3 a Gabriel L\u00f3pez Bracho, huasquense fundador del sindicalismo municipal en la entidad, lo anterior mediante&nbsp; una ceremonia c\u00edvica en la que L\u00f3pez Bracho de 74 a\u00f1os de edad estuvo acompa\u00f1ado de su familia y amigos. En el homenaje se inform\u00f3 que el 14 de mayo de 1977, con [&hellip;]<\/p>\n","protected":false},"author":72,"featured_media":297045,"comment_status":"closed","ping_status":"closed","sticky":false,"template":"","format":"standard","meta":{"footnotes":""},"categories":[15,59],"tags":[],"class_list":["post-297044","post","type-post","status-publish","format-standard","has-post-thumbnail","hentry","category-destacadas","category-general"],"_links":{"self":[{"href":"https:\/\/plazajuarez.mx\/historico\/wp-json\/wp\/v2\/posts\/297044","targetHints":{"allow":["GET"]}}],"collection":[{"href":"https:\/\/plazajuarez.mx\/historico\/wp-json\/wp\/v2\/posts"}],"about":[{"href":"https:\/\/plazajuarez.mx\/historico\/wp-json\/wp\/v2\/types\/post"}],"author":[{"embeddable":true,"href":"https:\/\/plazajuarez.mx\/historico\/wp-json\/wp\/v2\/users\/72"}],"replies":[{"embeddable":true,"href":"https:\/\/plazajuarez.mx\/historico\/wp-json\/wp\/v2\/comments?post=297044"}],"version-history":[{"count":0,"href":"https:\/\/plazajuarez.mx\/historico\/wp-json\/wp\/v2\/posts\/297044\/revisions"}],"wp:featuredmedia":[{"embeddable":true,"href":"https:\/\/plazajuarez.mx\/historico\/wp-json\/wp\/v2\/media\/297045"}],"wp:attachment":[{"href":"https:\/\/plazajuarez.mx\/historico\/wp-json\/wp\/v2\/media?parent=297044"}],"wp:term":[{"taxonomy":"category","embeddable":true,"href":"https:\/\/plazajuarez.mx\/historico\/wp-json\/wp\/v2\/categories?post=297044"},{"taxonomy":"post_tag","embeddable":true,"href":"https:\/\/plazajuarez.mx\/historico\/wp-json\/wp\/v2\/tags?post=297044"}],"curies":[{"name":"wp","href":"https:\/\/api.w.org\/{rel}","templated":true}]}}