{"id":296950,"date":"2024-02-02T00:38:12","date_gmt":"2024-02-02T06:38:12","guid":{"rendered":"https:\/\/plazajuarez.mx\/?p=296950"},"modified":"2024-02-02T00:38:16","modified_gmt":"2024-02-02T06:38:16","slug":"se-pronuncian-en-contra-de-la-posible-desaparicion-de-la-cndh","status":"publish","type":"post","link":"https:\/\/plazajuarez.mx\/historico\/se-pronuncian-en-contra-de-la-posible-desaparicion-de-la-cndh\/","title":{"rendered":"Se pronuncian en contra de\u00a0la posible desaparici\u00f3n de la CNDH"},"content":{"rendered":"\n<p>Juan Manuel Batres Campos, presidente de la Confederaci\u00f3n Patronal de la Rep\u00fablica Mexicana (Coparmex) en Hidalgo, se pronunci\u00f3 en contra de la posible desaparici\u00f3n o \u201cdebilitaci\u00f3n\u201d de la&nbsp; Comisi\u00f3n Nacional de los Derechos Humanos (CNDH) luego de que la presidenta de este organismo, Rosario Piedra Ibarra, propusiera la eliminaci\u00f3n para convertir a la comisi\u00f3n en la Defensor\u00eda Nacional de los Derechos del Pueblo.<\/p>\n\n\n\n<p>\u201cLas reformas constitucionales en materia de derechos humanos deben enfocarse en fortalecer y ampliar el alcance de las instituciones, ya que desaparecer o pretender debilitar a la Comisi\u00f3n Nacional de los Derechos Humanos (CNDH) ser\u00eda un grave retroceso que dar\u00eda la espalda a las v\u00edctimas\u201d, dijo Batres Campos.&nbsp;<\/p>\n\n\n\n<p>Y agreg\u00f3 que la autonom\u00eda de la CNDH es crucial para garantizar que pueda actuar de manera imparcial y efectiva y enfatiz\u00f3 su preocupaci\u00f3n ante el tema: \u201cNos preocupa que un organismo encargado de velar por los derechos humanos de los mexicanos sea utilizado con motivos pol\u00edticos y deje de lado su labor constitucional dada la crisis de derechos humanos que se vive en el pa\u00eds\u201d.<\/p>\n\n\n\n<p>Indic\u00f3 que de acuerdo con el Informe Mundial 2024 publicado por Human Rights Watch, el 90 por ciento de los delitos nunca se denuncian y de los que s\u00ed se denuncian, un tercio no son investigados, por lo que asever\u00f3 que en lugar de reducir su margen de acci\u00f3n, lo que urge es fortalecer a la CNDH institucionalmente para que cumpla con su deber de protecci\u00f3n a la ciudadan\u00eda.<\/p>\n\n\n\n<p>\u201cDesde COPARMEX, consideramos que cualquier reforma constitucional en materia de derechos humanos debe ser producto del consenso, iniciando por ciudadanizar el proceso de elecci\u00f3n de su titular y promoviendo la inclusi\u00f3n de representantes de la sociedad civil y el sector privado\u201d, concluy\u00f3 Batres Campos.&nbsp;<\/p>\n","protected":false},"excerpt":{"rendered":"<p>Juan Manuel Batres Campos, presidente de la Confederaci\u00f3n Patronal de la Rep\u00fablica Mexicana (Coparmex) en Hidalgo, se pronunci\u00f3 en contra de la posible desaparici\u00f3n o \u201cdebilitaci\u00f3n\u201d de la&nbsp; Comisi\u00f3n Nacional de los Derechos Humanos (CNDH) luego de que la presidenta de este organismo, Rosario Piedra Ibarra, propusiera la eliminaci\u00f3n para convertir a la comisi\u00f3n en [&hellip;]<\/p>\n","protected":false},"author":72,"featured_media":296951,"comment_status":"closed","ping_status":"closed","sticky":false,"template":"","format":"standard","meta":{"footnotes":""},"categories":[37,15],"tags":[],"class_list":["post-296950","post","type-post","status-publish","format-standard","has-post-thumbnail","hentry","category-barandilla","category-destacadas"],"_links":{"self":[{"href":"https:\/\/plazajuarez.mx\/historico\/wp-json\/wp\/v2\/posts\/296950","targetHints":{"allow":["GET"]}}],"collection":[{"href":"https:\/\/plazajuarez.mx\/historico\/wp-json\/wp\/v2\/posts"}],"about":[{"href":"https:\/\/plazajuarez.mx\/historico\/wp-json\/wp\/v2\/types\/post"}],"author":[{"embeddable":true,"href":"https:\/\/plazajuarez.mx\/historico\/wp-json\/wp\/v2\/users\/72"}],"replies":[{"embeddable":true,"href":"https:\/\/plazajuarez.mx\/historico\/wp-json\/wp\/v2\/comments?post=296950"}],"version-history":[{"count":0,"href":"https:\/\/plazajuarez.mx\/historico\/wp-json\/wp\/v2\/posts\/296950\/revisions"}],"wp:featuredmedia":[{"embeddable":true,"href":"https:\/\/plazajuarez.mx\/historico\/wp-json\/wp\/v2\/media\/296951"}],"wp:attachment":[{"href":"https:\/\/plazajuarez.mx\/historico\/wp-json\/wp\/v2\/media?parent=296950"}],"wp:term":[{"taxonomy":"category","embeddable":true,"href":"https:\/\/plazajuarez.mx\/historico\/wp-json\/wp\/v2\/categories?post=296950"},{"taxonomy":"post_tag","embeddable":true,"href":"https:\/\/plazajuarez.mx\/historico\/wp-json\/wp\/v2\/tags?post=296950"}],"curies":[{"name":"wp","href":"https:\/\/api.w.org\/{rel}","templated":true}]}}