{"id":296939,"date":"2024-02-01T13:24:25","date_gmt":"2024-02-01T19:24:25","guid":{"rendered":"https:\/\/plazajuarez.mx\/?p=296939"},"modified":"2024-02-01T13:24:28","modified_gmt":"2024-02-01T19:24:28","slug":"capacitacion-y-organizacion-electoral-base-para-el-2-de-junio-ine-hidalgo","status":"publish","type":"post","link":"https:\/\/plazajuarez.mx\/historico\/capacitacion-y-organizacion-electoral-base-para-el-2-de-junio-ine-hidalgo\/","title":{"rendered":"Capacitaci\u00f3n y Organizaci\u00f3n Electoral base para el 2 de junio: INE Hidalgo."},"content":{"rendered":"\n<p>En Sesi\u00f3n Ordinaria del Consejo Local del Instituto Nacional Electoral en Hidalgo, encabezado<\/p>\n\n\n\n<p>por la Presidenta Consejera Ma del Refugio Garc\u00eda L\u00f3pez, se inform\u00f3 a trav\u00e9s, de la Vocal\u00eda de<\/p>\n\n\n\n<p>Capacitaci\u00f3n Electoral y Educaci\u00f3n C\u00edvica a cargo de su titular, Jorge Anaya Lechuga, sobre el<\/p>\n\n\n\n<p>proceso de la primera insaculaci\u00f3n de ciudadanos.<\/p>\n\n\n\n<p>De conformidad con lo establecido en la Estrategia de Capacitaci\u00f3n y Asistencia Electoral<\/p>\n\n\n\n<p>(ECAE), se inform\u00f3 que el pr\u00f3ximo 6 de febrero de 2024, las Juntas Distritales Ejecutivas en<\/p>\n\n\n\n<p>sesi\u00f3n conjunta con los Consejos Distritales, insacular\u00e1n de su Lista Nominal de Electores,<\/p>\n\n\n\n<p>integradas con los ciudadanos que obtuvieron su Credencial para Votar al 15 de enero de<\/p>\n\n\n\n<p>2024, al trece por ciento de cada secci\u00f3n electoral por lo que ser\u00e1 la ciudadan\u00eda nacida durante<\/p>\n\n\n\n<p>los meses de marzo y abril y en su caso los subsecuentes quien reciba y cuente los votos<\/p>\n\n\n\n<p>emitidos en la jornada electoral del 2 de junio.<\/p>\n\n\n\n<p>Respecto al periodo de contrataci\u00f3n de Supervisoras y Supervisores Electorales (SE), este<\/p>\n\n\n\n<p>inici\u00f3 el 16 de enero y concluir\u00e1 el 11 de junio de 2024, para las personas Capacitadoras<\/p>\n\n\n\n<p>Asistentes Electorales (CAE) ser\u00e1 del 24 de enero al 11 de junio del mismo a\u00f1o, las personas<\/p>\n\n\n\n<p>designadas como SE fueron capacitadas a trav\u00e9s de talleres impartidos por las Juntas<\/p>\n\n\n\n<p>Distritales del periodo del 16 al 22 de enero y a partir del 25 de enero y hasta el 5 de febrero se<\/p>\n\n\n\n<p>impartir\u00e1 el taller para las personas CAE. El personal que se contratar\u00e1 se describe a trav\u00e9s de<\/p>\n\n\n\n<p>la siguiente tabla:<\/p>\n\n\n\n<figure class=\"wp-block-image size-full\"><img loading=\"lazy\" decoding=\"async\" width=\"880\" height=\"370\" src=\"https:\/\/plazajuarez.mx\/historico\/historico\/wp-content\/uploads\/2024\/02\/WhatsApp-Image-2024-02-01-at-1.19.49-PM.jpeg\" alt=\"\" class=\"wp-image-296940\" srcset=\"https:\/\/plazajuarez.mx\/historico\/wp-content\/uploads\/2024\/02\/WhatsApp-Image-2024-02-01-at-1.19.49-PM.jpeg 880w, https:\/\/plazajuarez.mx\/historico\/wp-content\/uploads\/2024\/02\/WhatsApp-Image-2024-02-01-at-1.19.49-PM-768x323.jpeg 768w\" sizes=\"auto, (max-width: 880px) 100vw, 880px\" \/><\/figure>\n\n\n\n<p>La Vocal\u00eda de Organizaci\u00f3n Electoral encabezada por Claudia<br>Santos Ordo\u00f1ez, inform\u00f3 que la figura de observaci\u00f3n electoral a parte de acudir a las<br>instalaciones de alguna Junta Ejecutiva del Instituto Nacional Electoral (INE) u \u00f3rgano del<br>Instituto Estatal Electoral de Hidalgo (IEEH) para presentar su solicitud; tambi\u00e9n lo pueden<br>hacer a trav\u00e9s de Internet, a trav\u00e9s del portal https:\/\/observadores.ine.mx\/ con fecha l\u00edmite de<br>registro al 7 de mayo de 2024.<\/p>\n\n\n\n<figure class=\"wp-block-image size-full\"><img loading=\"lazy\" decoding=\"async\" width=\"663\" height=\"314\" src=\"https:\/\/plazajuarez.mx\/historico\/historico\/wp-content\/uploads\/2024\/02\/WhatsApp-Image-2024-02-01-at-1.21.54-PM.jpeg\" alt=\"\" class=\"wp-image-296941\"\/><figcaption class=\"wp-element-caption\">Fecha de corte: del 4 de septiembre al 29 de enero 2023.<\/figcaption><\/figure>\n\n\n\n<p>Ubicaci\u00f3n de casillas.<\/p>\n\n\n\n<p>Se present\u00f3 el avance de los recorridos de las Juntas Distritales Ejecutivas para integrar las<\/p>\n\n\n\n<p>propuestas de ubicaci\u00f3n de casillas, que iniciaron el 15 de enero y que concluir\u00e1n el 15 de<\/p>\n\n\n\n<p>febrero del a\u00f1o en curso, considerando los requisitos de espacio para recibir a las y los<\/p>\n\n\n\n<p>electores y que permitan efectuar correctamente el escrutinio y c\u00f3mputo tanto de las elecciones<\/p>\n\n\n\n<p>federales, como de las locales.<\/p>\n\n\n\n<p>La Ley General de Instituciones y Procedimientos Electorales (LGIPE) en el art\u00edculo 253,<\/p>\n\n\n\n<p>p\u00e1rrafo 3 de la LGIPE, establece que, en toda secci\u00f3n electoral, por cada 750 electores o<\/p>\n\n\n\n<p>fracci\u00f3n, se instalar\u00e1 una casilla para recibir la votaci\u00f3n de las y los ciudadanos residentes en la<\/p>\n\n\n\n<p>misma; de ser dos o m\u00e1s se colocar\u00e1n en forma contigua y se dividir\u00e1 la lista nominal de<\/p>\n\n\n\n<p>electores en orden alfab\u00e9tico. En el caso de las elecciones locales concurrentes con la federal,<\/p>\n\n\n\n<p>se deber\u00e1 integrar una casilla \u00fanica de conformidad con lo dispuesto en la normatividad y los<\/p>\n\n\n\n<p>acuerdos que emita el Consejo General del Instituto.<\/p>\n\n\n\n<p>Los requisitos que deber\u00e1n cumplirse para la ubicaci\u00f3n de casillas electorales son: f\u00e1cil y libre<\/p>\n\n\n\n<p>acceso para las y los electores; que aseguren la instalaci\u00f3n de canceles o elementos<\/p>\n\n\n\n<p>modulares que garanticen el secreto en la emisi\u00f3n del voto; no ser casas habitadas por<\/p>\n\n\n\n<p>servidoras o servidores p\u00fablicos de confianza, federales, estatales o municipales; no ser<\/p>\n\n\n\n<p>inmuebles habitados o propiedad de dirigentes de partidos pol\u00edticos o candidatas o candidatos<\/p>\n\n\n\n<p>registrados en la elecci\u00f3n de que se trate; no ser establecimientos fabriles, templos o locales<\/p>\n\n\n\n<p>destinados al culto, o locales de partidos pol\u00edticos, y no ser locales ocupados por cantinas,<\/p>\n\n\n\n<p>centros de vicio o similares.<\/p>\n","protected":false},"excerpt":{"rendered":"<p>En Sesi\u00f3n Ordinaria del Consejo Local del Instituto Nacional Electoral en Hidalgo, encabezado por la Presidenta Consejera Ma del Refugio Garc\u00eda L\u00f3pez, se inform\u00f3 a trav\u00e9s, de la Vocal\u00eda de Capacitaci\u00f3n Electoral y Educaci\u00f3n C\u00edvica a cargo de su titular, Jorge Anaya Lechuga, sobre el proceso de la primera insaculaci\u00f3n de ciudadanos. De conformidad con [&hellip;]<\/p>\n","protected":false},"author":93,"featured_media":296942,"comment_status":"closed","ping_status":"closed","sticky":false,"template":"","format":"standard","meta":{"footnotes":""},"categories":[15,59],"tags":[],"class_list":["post-296939","post","type-post","status-publish","format-standard","has-post-thumbnail","hentry","category-destacadas","category-general"],"_links":{"self":[{"href":"https:\/\/plazajuarez.mx\/historico\/wp-json\/wp\/v2\/posts\/296939","targetHints":{"allow":["GET"]}}],"collection":[{"href":"https:\/\/plazajuarez.mx\/historico\/wp-json\/wp\/v2\/posts"}],"about":[{"href":"https:\/\/plazajuarez.mx\/historico\/wp-json\/wp\/v2\/types\/post"}],"author":[{"embeddable":true,"href":"https:\/\/plazajuarez.mx\/historico\/wp-json\/wp\/v2\/users\/93"}],"replies":[{"embeddable":true,"href":"https:\/\/plazajuarez.mx\/historico\/wp-json\/wp\/v2\/comments?post=296939"}],"version-history":[{"count":0,"href":"https:\/\/plazajuarez.mx\/historico\/wp-json\/wp\/v2\/posts\/296939\/revisions"}],"wp:featuredmedia":[{"embeddable":true,"href":"https:\/\/plazajuarez.mx\/historico\/wp-json\/wp\/v2\/media\/296942"}],"wp:attachment":[{"href":"https:\/\/plazajuarez.mx\/historico\/wp-json\/wp\/v2\/media?parent=296939"}],"wp:term":[{"taxonomy":"category","embeddable":true,"href":"https:\/\/plazajuarez.mx\/historico\/wp-json\/wp\/v2\/categories?post=296939"},{"taxonomy":"post_tag","embeddable":true,"href":"https:\/\/plazajuarez.mx\/historico\/wp-json\/wp\/v2\/tags?post=296939"}],"curies":[{"name":"wp","href":"https:\/\/api.w.org\/{rel}","templated":true}]}}