{"id":296933,"date":"2024-02-01T02:37:57","date_gmt":"2024-02-01T08:37:57","guid":{"rendered":"https:\/\/plazajuarez.mx\/?p=296933"},"modified":"2024-02-01T02:38:00","modified_gmt":"2024-02-01T08:38:00","slug":"lopez-obrador-propondra-prohibir-el-maltrato-animal","status":"publish","type":"post","link":"https:\/\/plazajuarez.mx\/historico\/lopez-obrador-propondra-prohibir-el-maltrato-animal\/","title":{"rendered":"L\u00f3pez Obrador propondr\u00e1 prohibir el maltrato animal"},"content":{"rendered":"\n<p>El presidente mexicano, Andr\u00e9s Manuel L\u00f3pez Obrador, revel\u00f3 ayer que el pr\u00f3ximo 5 de febrero presentar\u00e1 una reforma para prohibir el maltrato animal entre el paquete de iniciativas constitucionales que enviar\u00e1 al Congreso.<\/p>\n\n\n\n<p>\u201cEl lunes vamos a presentar las iniciativas de reforma a la Constituci\u00f3n y, como acordamos, va a tratarse en una de estas reformas el evitar, el prohibir, el maltrato a animales\u201d, ha declarado el mandatario en su conferencia matutina.<\/p>\n\n\n\n<p>El gobernante mexicano ha desvelado que de esa reforma constitucional se deben desprender las leyes espec\u00edficas, o la ley secundaria, \u201cpara garantizar si se aprueba el mandato constitucional&#8221;.<\/p>\n\n\n\n<p>Desde junio del a\u00f1o pasado, L\u00f3pez Obrador hab\u00eda expresado su intenci\u00f3n de enviar una iniciativa de reforma para modificar el art\u00edculo 4 de la Constituci\u00f3n, que entre otras cosas garantiza el derecho al medioambiente sano, salud, vivienda y a la cultura.<\/p>\n\n\n\n<p>Se estima que en M\u00e9xico siete de cada diez animales de tipo dom\u00e9stico sufren alg\u00fan tipo de maltrato, con m\u00e1s del 70% de los perros y 60% de los gatos en situaci\u00f3n de calle, seg\u00fan datos de la Universidad Nacional Aut\u00f3noma de M\u00e9xico (UNAM).<\/p>\n","protected":false},"excerpt":{"rendered":"<p>El presidente mexicano, Andr\u00e9s Manuel L\u00f3pez Obrador, revel\u00f3 ayer que el pr\u00f3ximo 5 de febrero presentar\u00e1 una reforma para prohibir el maltrato animal entre el paquete de iniciativas constitucionales que enviar\u00e1 al Congreso. \u201cEl lunes vamos a presentar las iniciativas de reforma a la Constituci\u00f3n y, como acordamos, va a tratarse en una de estas [&hellip;]<\/p>\n","protected":false},"author":80,"featured_media":296934,"comment_status":"closed","ping_status":"closed","sticky":false,"template":"","format":"standard","meta":{"footnotes":""},"categories":[36],"tags":[],"class_list":["post-296933","post","type-post","status-publish","format-standard","has-post-thumbnail","hentry","category-nacion"],"_links":{"self":[{"href":"https:\/\/plazajuarez.mx\/historico\/wp-json\/wp\/v2\/posts\/296933","targetHints":{"allow":["GET"]}}],"collection":[{"href":"https:\/\/plazajuarez.mx\/historico\/wp-json\/wp\/v2\/posts"}],"about":[{"href":"https:\/\/plazajuarez.mx\/historico\/wp-json\/wp\/v2\/types\/post"}],"author":[{"embeddable":true,"href":"https:\/\/plazajuarez.mx\/historico\/wp-json\/wp\/v2\/users\/80"}],"replies":[{"embeddable":true,"href":"https:\/\/plazajuarez.mx\/historico\/wp-json\/wp\/v2\/comments?post=296933"}],"version-history":[{"count":0,"href":"https:\/\/plazajuarez.mx\/historico\/wp-json\/wp\/v2\/posts\/296933\/revisions"}],"wp:featuredmedia":[{"embeddable":true,"href":"https:\/\/plazajuarez.mx\/historico\/wp-json\/wp\/v2\/media\/296934"}],"wp:attachment":[{"href":"https:\/\/plazajuarez.mx\/historico\/wp-json\/wp\/v2\/media?parent=296933"}],"wp:term":[{"taxonomy":"category","embeddable":true,"href":"https:\/\/plazajuarez.mx\/historico\/wp-json\/wp\/v2\/categories?post=296933"},{"taxonomy":"post_tag","embeddable":true,"href":"https:\/\/plazajuarez.mx\/historico\/wp-json\/wp\/v2\/tags?post=296933"}],"curies":[{"name":"wp","href":"https:\/\/api.w.org\/{rel}","templated":true}]}}