{"id":296930,"date":"2024-02-01T02:35:26","date_gmt":"2024-02-01T08:35:26","guid":{"rendered":"https:\/\/plazajuarez.mx\/?p=296930"},"modified":"2024-02-01T02:35:30","modified_gmt":"2024-02-01T08:35:30","slug":"las-proximas-elecciones-en-mexico-estan-en-riesgo-por-la-violencia","status":"publish","type":"post","link":"https:\/\/plazajuarez.mx\/historico\/las-proximas-elecciones-en-mexico-estan-en-riesgo-por-la-violencia\/","title":{"rendered":"Las pr\u00f3ximas elecciones en M\u00e9xico est\u00e1n en riesgo por la violencia"},"content":{"rendered":"\n<p>La crisis de violencia e inseguridad que se vive en M\u00e9xico pone en riesgo el proceso electoral del pr\u00f3ximo 2 de junio y por ello requiere de una atenci\u00f3n inmediata por parte del actual Gobierno mexicano, se\u00f1al\u00f3 ayer el grupo parlamentario del conservador Partido Acci\u00f3n Nacional (PAN) en la C\u00e1mara de Diputados.<\/p>\n\n\n\n<p>Esta denuncia, Acci\u00f3n Nacional la defini\u00f3 como parte de su agenda legislativa prioritaria, as\u00ed como promover acciones desde el Congreso mexicano para que los estados y municipios mexicanos cuenten con una polic\u00eda civil capaz de dar seguridad a la ciudadan\u00eda.<\/p>\n\n\n\n<p>Adem\u00e1s, como parte de esta exigencia de seguridad, el presidente Andr\u00e9s Manuel L\u00f3pez Obrador debe responder de inmediato a los se\u00f1alamientos (reportaje) sobre el presunto financiamiento de organizaciones del narcotr\u00e1fico a sus campa\u00f1as pol\u00edticas.<\/p>\n","protected":false},"excerpt":{"rendered":"<p>La crisis de violencia e inseguridad que se vive en M\u00e9xico pone en riesgo el proceso electoral del pr\u00f3ximo 2 de junio y por ello requiere de una atenci\u00f3n inmediata por parte del actual Gobierno mexicano, se\u00f1al\u00f3 ayer el grupo parlamentario del conservador Partido Acci\u00f3n Nacional (PAN) en la C\u00e1mara de Diputados. Esta denuncia, Acci\u00f3n [&hellip;]<\/p>\n","protected":false},"author":80,"featured_media":296931,"comment_status":"closed","ping_status":"closed","sticky":false,"template":"","format":"standard","meta":{"footnotes":""},"categories":[36],"tags":[],"class_list":["post-296930","post","type-post","status-publish","format-standard","has-post-thumbnail","hentry","category-nacion"],"_links":{"self":[{"href":"https:\/\/plazajuarez.mx\/historico\/wp-json\/wp\/v2\/posts\/296930","targetHints":{"allow":["GET"]}}],"collection":[{"href":"https:\/\/plazajuarez.mx\/historico\/wp-json\/wp\/v2\/posts"}],"about":[{"href":"https:\/\/plazajuarez.mx\/historico\/wp-json\/wp\/v2\/types\/post"}],"author":[{"embeddable":true,"href":"https:\/\/plazajuarez.mx\/historico\/wp-json\/wp\/v2\/users\/80"}],"replies":[{"embeddable":true,"href":"https:\/\/plazajuarez.mx\/historico\/wp-json\/wp\/v2\/comments?post=296930"}],"version-history":[{"count":0,"href":"https:\/\/plazajuarez.mx\/historico\/wp-json\/wp\/v2\/posts\/296930\/revisions"}],"wp:featuredmedia":[{"embeddable":true,"href":"https:\/\/plazajuarez.mx\/historico\/wp-json\/wp\/v2\/media\/296931"}],"wp:attachment":[{"href":"https:\/\/plazajuarez.mx\/historico\/wp-json\/wp\/v2\/media?parent=296930"}],"wp:term":[{"taxonomy":"category","embeddable":true,"href":"https:\/\/plazajuarez.mx\/historico\/wp-json\/wp\/v2\/categories?post=296930"},{"taxonomy":"post_tag","embeddable":true,"href":"https:\/\/plazajuarez.mx\/historico\/wp-json\/wp\/v2\/tags?post=296930"}],"curies":[{"name":"wp","href":"https:\/\/api.w.org\/{rel}","templated":true}]}}