{"id":296927,"date":"2024-02-01T02:33:07","date_gmt":"2024-02-01T08:33:07","guid":{"rendered":"https:\/\/plazajuarez.mx\/?p=296927"},"modified":"2024-02-01T02:33:11","modified_gmt":"2024-02-01T08:33:11","slug":"la-oposicion-apoyara-la-reforma-de-pensiones-de-lopez-obrador","status":"publish","type":"post","link":"https:\/\/plazajuarez.mx\/historico\/la-oposicion-apoyara-la-reforma-de-pensiones-de-lopez-obrador\/","title":{"rendered":"La oposici\u00f3n apoyar\u00e1 la reforma\u00a0de pensiones de L\u00f3pez Obrador"},"content":{"rendered":"\n<p>La candidata de la coalici\u00f3n Fuerza y Coraz\u00f3n por M\u00e9xico, X\u00f3chitl G\u00e1lvez, adelant\u00f3 ayer que los partidos opositores que la impulsan apoyar\u00e1n la reforma del presidente, Andr\u00e9s Manuel L\u00f3pez Obrador, en materia de pensiones.<\/p>\n\n\n\n<p>El mandatario mexicano ha advertido que enviar\u00e1 un paquete de reformas constitucionales, el pr\u00f3ximo 5 de febrero, d\u00eda de la Constituci\u00f3n mexicana, entre las que propondr\u00e1 que los mexicanos reciban su \u00faltimo sueldo como pensi\u00f3n al retirarse.<\/p>\n\n\n\n<p>Esto, como parte de su \u00faltimo paquete de reformas constitucionales, previo al cambio legal de administraci\u00f3n prevista tras las pr\u00f3ximas elecciones del 2 de junio.<\/p>\n\n\n\n<p>\u201cPor supuesto que nosotros (la oposici\u00f3n) estamos absolutamente de acuerdo en que los mexicanos tengan una pensi\u00f3n digna, lo comparto, lo vamos a apoyar\u201d, asegur\u00f3 en conferencia de prensa.<\/p>\n\n\n\n<p>Sin embargo; la candidata de los partidos Acci\u00f3n Nacional (PAN), Revolucionario Institucional (PRI) y de la Revoluci\u00f3n Democr\u00e1tica (PRD) ret\u00f3 al presidente mexicano en no solo hacer estas modificaciones, sino permear a los trabajadores del Estado y docentes.<\/p>\n","protected":false},"excerpt":{"rendered":"<p>La candidata de la coalici\u00f3n Fuerza y Coraz\u00f3n por M\u00e9xico, X\u00f3chitl G\u00e1lvez, adelant\u00f3 ayer que los partidos opositores que la impulsan apoyar\u00e1n la reforma del presidente, Andr\u00e9s Manuel L\u00f3pez Obrador, en materia de pensiones. El mandatario mexicano ha advertido que enviar\u00e1 un paquete de reformas constitucionales, el pr\u00f3ximo 5 de febrero, d\u00eda de la Constituci\u00f3n [&hellip;]<\/p>\n","protected":false},"author":80,"featured_media":296928,"comment_status":"closed","ping_status":"closed","sticky":false,"template":"","format":"standard","meta":{"footnotes":""},"categories":[36],"tags":[],"class_list":["post-296927","post","type-post","status-publish","format-standard","has-post-thumbnail","hentry","category-nacion"],"_links":{"self":[{"href":"https:\/\/plazajuarez.mx\/historico\/wp-json\/wp\/v2\/posts\/296927","targetHints":{"allow":["GET"]}}],"collection":[{"href":"https:\/\/plazajuarez.mx\/historico\/wp-json\/wp\/v2\/posts"}],"about":[{"href":"https:\/\/plazajuarez.mx\/historico\/wp-json\/wp\/v2\/types\/post"}],"author":[{"embeddable":true,"href":"https:\/\/plazajuarez.mx\/historico\/wp-json\/wp\/v2\/users\/80"}],"replies":[{"embeddable":true,"href":"https:\/\/plazajuarez.mx\/historico\/wp-json\/wp\/v2\/comments?post=296927"}],"version-history":[{"count":0,"href":"https:\/\/plazajuarez.mx\/historico\/wp-json\/wp\/v2\/posts\/296927\/revisions"}],"wp:featuredmedia":[{"embeddable":true,"href":"https:\/\/plazajuarez.mx\/historico\/wp-json\/wp\/v2\/media\/296928"}],"wp:attachment":[{"href":"https:\/\/plazajuarez.mx\/historico\/wp-json\/wp\/v2\/media?parent=296927"}],"wp:term":[{"taxonomy":"category","embeddable":true,"href":"https:\/\/plazajuarez.mx\/historico\/wp-json\/wp\/v2\/categories?post=296927"},{"taxonomy":"post_tag","embeddable":true,"href":"https:\/\/plazajuarez.mx\/historico\/wp-json\/wp\/v2\/tags?post=296927"}],"curies":[{"name":"wp","href":"https:\/\/api.w.org\/{rel}","templated":true}]}}