{"id":296852,"date":"2024-02-01T01:08:43","date_gmt":"2024-02-01T07:08:43","guid":{"rendered":"https:\/\/plazajuarez.mx\/?p=296852"},"modified":"2024-02-01T01:08:49","modified_gmt":"2024-02-01T07:08:49","slug":"por-intento-de-feminicidio-vincularon-a-proceso-al-presunto-responsable","status":"publish","type":"post","link":"https:\/\/plazajuarez.mx\/historico\/por-intento-de-feminicidio-vincularon-a-proceso-al-presunto-responsable\/","title":{"rendered":"Por intento de feminicidio vincularon\u00a0a proceso al presunto responsable"},"content":{"rendered":"\n<p>La Fiscal\u00eda de Delitos de G\u00e9nero y Trata de Personas acredit\u00f3 la probable responsabilidad del imputado por feminicidio en grado de tentativa<\/p>\n\n\n\n<p>La tarde de ayer la Procuradur\u00eda General de Justicia del Estado de Hidalgo (PGJH), dio a conocer, que con base en los datos de prueba presentados por personal ministerial adscrito la Fiscal\u00eda de Delitos de G\u00e9nero y Trata de Personas, un juez de control dict\u00f3 el auto de vinculaci\u00f3n a proceso para una persona que es investigada por cometer el delito de feminicidio en grado de tentativa.<\/p>\n\n\n\n<p>Del caso se record\u00f3 que fue el pasado 22 de noviembre, cuando una persona de sexo femenino fue agredida con un arma punzo cortante, ello por quien fue identificado con las iniciales M. S. G., esto al interior de un domicilio localizado en el municipio de San Agust\u00edn Metzquititl\u00e1n.<\/p>\n\n\n\n<p>Tambi\u00e9n se dej\u00f3 en claro que derivado de lo ocurrido, la representaci\u00f3n social inici\u00f3 la carpeta de investigaci\u00f3n, luego de que la persona agraviada realizara la denuncia correspondiente ante el agente del Ministerio P\u00fablico, por lo que la autoridad de inmediato comenz\u00f3 las investigaciones correspondientes para esclarecer los hechos.<\/p>\n\n\n\n<p>As\u00ed mismo, se advirti\u00f3 que los datos de prueba de la investigaci\u00f3n inicial permitieron establecer la probable responsabilidad del imputado, en hechos que la ley sanciona como feminicidio en grado de tentativa.<\/p>\n\n\n\n<p>Derivado de lo ocurrido, la PGJEH solicit\u00f3 a un juez de control, la orden de aprehensi\u00f3n contra el imputado, misma que fue ejecutada por personal de la Divisi\u00f3n de Investigaci\u00f3n, quienes lo presentaron ante un juez de control para definir su situaci\u00f3n legal.<\/p>\n\n\n\n<p>Durante la audiencia inicial, la fiscal\u00eda formul\u00f3 imputaci\u00f3n contra M. S. G., quien se acogi\u00f3 a la duplicidad del plazo constitucional; posteriormente durante la continuaci\u00f3n de la audiencia, los agentes del Ministerio P\u00fablico, consiguieron de la autoridad judicial el auto de vinculaci\u00f3n a proceso para M. S. G., por feminicidio en grado de tentativa.<\/p>\n\n\n\n<p>El imputado permanece bajo la medida cautelar de prisi\u00f3n preventiva, mientras que las partes involucradas cuentan con un plazo de cuatro meses para el cierre de la investigaci\u00f3n complementaria.<\/p>\n","protected":false},"excerpt":{"rendered":"<p>La Fiscal\u00eda de Delitos de G\u00e9nero y Trata de Personas acredit\u00f3 la probable responsabilidad del imputado por feminicidio en grado de tentativa La tarde de ayer la Procuradur\u00eda General de Justicia del Estado de Hidalgo (PGJH), dio a conocer, que con base en los datos de prueba presentados por personal ministerial adscrito la Fiscal\u00eda de [&hellip;]<\/p>\n","protected":false},"author":93,"featured_media":296853,"comment_status":"closed","ping_status":"closed","sticky":false,"template":"","format":"standard","meta":{"footnotes":""},"categories":[37],"tags":[],"class_list":["post-296852","post","type-post","status-publish","format-standard","has-post-thumbnail","hentry","category-barandilla"],"_links":{"self":[{"href":"https:\/\/plazajuarez.mx\/historico\/wp-json\/wp\/v2\/posts\/296852","targetHints":{"allow":["GET"]}}],"collection":[{"href":"https:\/\/plazajuarez.mx\/historico\/wp-json\/wp\/v2\/posts"}],"about":[{"href":"https:\/\/plazajuarez.mx\/historico\/wp-json\/wp\/v2\/types\/post"}],"author":[{"embeddable":true,"href":"https:\/\/plazajuarez.mx\/historico\/wp-json\/wp\/v2\/users\/93"}],"replies":[{"embeddable":true,"href":"https:\/\/plazajuarez.mx\/historico\/wp-json\/wp\/v2\/comments?post=296852"}],"version-history":[{"count":0,"href":"https:\/\/plazajuarez.mx\/historico\/wp-json\/wp\/v2\/posts\/296852\/revisions"}],"wp:featuredmedia":[{"embeddable":true,"href":"https:\/\/plazajuarez.mx\/historico\/wp-json\/wp\/v2\/media\/296853"}],"wp:attachment":[{"href":"https:\/\/plazajuarez.mx\/historico\/wp-json\/wp\/v2\/media?parent=296852"}],"wp:term":[{"taxonomy":"category","embeddable":true,"href":"https:\/\/plazajuarez.mx\/historico\/wp-json\/wp\/v2\/categories?post=296852"},{"taxonomy":"post_tag","embeddable":true,"href":"https:\/\/plazajuarez.mx\/historico\/wp-json\/wp\/v2\/tags?post=296852"}],"curies":[{"name":"wp","href":"https:\/\/api.w.org\/{rel}","templated":true}]}}