{"id":296744,"date":"2024-01-31T04:01:31","date_gmt":"2024-01-31T10:01:31","guid":{"rendered":"https:\/\/plazajuarez.mx\/?p=296744"},"modified":"2024-01-31T04:01:34","modified_gmt":"2024-01-31T10:01:34","slug":"atrapan-a-tres-peligrosos-integrantes-del-grupo-delictivo-denominado-los-hs","status":"publish","type":"post","link":"https:\/\/plazajuarez.mx\/historico\/atrapan-a-tres-peligrosos-integrantes-del-grupo-delictivo-denominado-los-hs\/","title":{"rendered":"Atrapan a tres peligrosos integrantes del\u00a0grupo delictivo, denominado &#8220;Los Hs&#8221;"},"content":{"rendered":"\n<p>La Secretar\u00eda de Seguridad P\u00fablica (SSPH) logr\u00f3 el aseguramiento de tres integrantes de un presunto grupo delictivo identificado como los &#8220;Hs\u201d, considerados entre los principales generadores de violencia y vinculados a la comisi\u00f3n de los delitos de extorsi\u00f3n, narcomenudeo y tr\u00e1fico de hidrocarburo en la regi\u00f3n de Tula.<\/p>\n\n\n\n<p>Personal de inteligencia operativa del C5i y la Polic\u00eda Estatal, coordinaron el seguimiento de una llamada al n\u00famero de Emergencia 089 que alertaba de varones armados en calles del municipio de Atitalaquia.<\/p>\n\n\n\n<p>Tras desplegarse un operativo, elementos de la SSPH interceptaron un veh\u00edculo Renault Tipo Kwid, color rojo con placas del estado de Quer\u00e9taro, sin embargo, los ocupantes intentaron huir a alta velocidad, culminando la persecuci\u00f3n en avenidas m\u00e1s adelante.<\/p>\n\n\n\n<p>A los detenidos, identificados con las iniciales J.A.G..C. de 27 a\u00f1os, originario de la CDMX; M.C.D. de 23 a\u00f1os y A.A.Z. de 23 a\u00f1os, ambos, del estado de Campeche, les decomisaron 18 dosis de droga con caracter\u00edsticas propia de la marihuana, tres armas de fuego y dos insignias similares a las de la Agencia de Investigaci\u00f3n Criminal de la Procuradur\u00eda General de la Rep\u00fablica, quedaron a disposici\u00f3n de la autoridad competente para el curso de las investigaciones.&nbsp;<\/p>\n\n\n\n<p>Finalmente, el comisario general Salvador Cruz Neri, titular de la SSPH, resalt\u00f3 que la corporaci\u00f3n mantiene el compromiso permanente en la lucha frontal en contra de la delincuencia para garantizar la seguridad en esa regi\u00f3n.<\/p>\n","protected":false},"excerpt":{"rendered":"<p>La Secretar\u00eda de Seguridad P\u00fablica (SSPH) logr\u00f3 el aseguramiento de tres integrantes de un presunto grupo delictivo identificado como los &#8220;Hs\u201d, considerados entre los principales generadores de violencia y vinculados a la comisi\u00f3n de los delitos de extorsi\u00f3n, narcomenudeo y tr\u00e1fico de hidrocarburo en la regi\u00f3n de Tula. Personal de inteligencia operativa del C5i y [&hellip;]<\/p>\n","protected":false},"author":93,"featured_media":296745,"comment_status":"closed","ping_status":"closed","sticky":false,"template":"","format":"standard","meta":{"footnotes":""},"categories":[37],"tags":[],"class_list":["post-296744","post","type-post","status-publish","format-standard","has-post-thumbnail","hentry","category-barandilla"],"_links":{"self":[{"href":"https:\/\/plazajuarez.mx\/historico\/wp-json\/wp\/v2\/posts\/296744","targetHints":{"allow":["GET"]}}],"collection":[{"href":"https:\/\/plazajuarez.mx\/historico\/wp-json\/wp\/v2\/posts"}],"about":[{"href":"https:\/\/plazajuarez.mx\/historico\/wp-json\/wp\/v2\/types\/post"}],"author":[{"embeddable":true,"href":"https:\/\/plazajuarez.mx\/historico\/wp-json\/wp\/v2\/users\/93"}],"replies":[{"embeddable":true,"href":"https:\/\/plazajuarez.mx\/historico\/wp-json\/wp\/v2\/comments?post=296744"}],"version-history":[{"count":0,"href":"https:\/\/plazajuarez.mx\/historico\/wp-json\/wp\/v2\/posts\/296744\/revisions"}],"wp:featuredmedia":[{"embeddable":true,"href":"https:\/\/plazajuarez.mx\/historico\/wp-json\/wp\/v2\/media\/296745"}],"wp:attachment":[{"href":"https:\/\/plazajuarez.mx\/historico\/wp-json\/wp\/v2\/media?parent=296744"}],"wp:term":[{"taxonomy":"category","embeddable":true,"href":"https:\/\/plazajuarez.mx\/historico\/wp-json\/wp\/v2\/categories?post=296744"},{"taxonomy":"post_tag","embeddable":true,"href":"https:\/\/plazajuarez.mx\/historico\/wp-json\/wp\/v2\/tags?post=296744"}],"curies":[{"name":"wp","href":"https:\/\/api.w.org\/{rel}","templated":true}]}}