{"id":296716,"date":"2024-01-30T07:01:24","date_gmt":"2024-01-30T13:01:24","guid":{"rendered":"https:\/\/plazajuarez.mx\/?p=296716"},"modified":"2024-01-30T07:01:28","modified_gmt":"2024-01-30T13:01:28","slug":"presenta-pan-a-candidatos-para-diputaciones-federales","status":"publish","type":"post","link":"https:\/\/plazajuarez.mx\/historico\/presenta-pan-a-candidatos-para-diputaciones-federales\/","title":{"rendered":"Presenta PAN a candidatos para diputaciones federales\u00a0"},"content":{"rendered":"\n<p>En conferencia de prensa, la presidenta del Comit\u00e9 Directivo Estatal del Partido Acci\u00f3n Nacional (PAN), Claudia Lilia Luna Islas, present\u00f3 a los aspirantes que participar\u00e1n en las pr\u00f3ximas elecciones para las diputaciones federales, por la v\u00eda plurinominal y por mayor\u00eda relativa.<\/p>\n\n\n\n<p>Precis\u00f3 que los procesos internos son llevados a cabo por la Comisi\u00f3n Estatal de Procesos Electorales, y en ese sentido, en el tema federal y derivado de la coalici\u00f3n \u201cFuerza y Coraz\u00f3n por M\u00e9xico\u201d, los aspirantes son Asael Hern\u00e1ndez Cer\u00f3n y Araceli Rivera D\u00edaz.<\/p>\n\n\n\n<p>En el caso de Hern\u00e1ndez Cer\u00f3n, que fue aprobado el pasado 24 de enero por la Comisi\u00f3n Permanente del Consejo Nacional del blanquiazul, participar\u00e1 por la diputaci\u00f3n federal por representaci\u00f3n proporcional, por la cuarta circunscripci\u00f3n electoral.<\/p>\n\n\n\n<p>En su mensaje, precis\u00f3 que esperar\u00e1 los tiempos marcados por el Instituto Nacional Electoral (INE) para realizar su registro; reconoci\u00f3 que el escenario es complicado, sin embargo, conf\u00eda en que ser\u00e1 una oportunidad para avanzar, trabajando en propuestas efectivas que hagan frente a la inseguridad.<\/p>\n\n\n\n<p>En tanto que Araceli Rivera D\u00edaz, contender\u00e1 por el quinto Distrito federal, con cabecera en Tula de Allende.<\/p>\n\n\n\n<p>Finalmente, la l\u00edder de Acci\u00f3n Nacional, destac\u00f3 que est\u00e1n a la espera de la resoluci\u00f3n del Tribunal Electoral del Poder Judicial de la Federaci\u00f3n (TEPJF), respecto a la acci\u00f3n afirmativa de g\u00e9nero, para continuar el trabajo para postulaci\u00f3n de aspirantes para los ayuntamientos.<\/p>\n\n\n\n<p>En cuatro al tema de la candidatura com\u00fan, indic\u00f3 que se encuentran en tiempo, por lo que contin\u00faan las pl\u00e1ticas con los l\u00edderes estatales del Revolucionario Institucional (PRI), y de la Revoluci\u00f3n Democr\u00e1tica (PRD).<\/p>\n\n\n\n<p>En ese sentido, sentenci\u00f3 que posterior al fallo, emitir\u00e1n las convocatorias, las cuales estar\u00e1n abiertas tanto para militantes como para la ciudadan\u00eda.<\/p>\n\n\n\n<p><\/p>\n","protected":false},"excerpt":{"rendered":"<p>En conferencia de prensa, la presidenta del Comit\u00e9 Directivo Estatal del Partido Acci\u00f3n Nacional (PAN), Claudia Lilia Luna Islas, present\u00f3 a los aspirantes que participar\u00e1n en las pr\u00f3ximas elecciones para las diputaciones federales, por la v\u00eda plurinominal y por mayor\u00eda relativa. Precis\u00f3 que los procesos internos son llevados a cabo por la Comisi\u00f3n Estatal de [&hellip;]<\/p>\n","protected":false},"author":73,"featured_media":296717,"comment_status":"closed","ping_status":"closed","sticky":false,"template":"","format":"standard","meta":{"footnotes":""},"categories":[15,59],"tags":[],"class_list":["post-296716","post","type-post","status-publish","format-standard","has-post-thumbnail","hentry","category-destacadas","category-general"],"_links":{"self":[{"href":"https:\/\/plazajuarez.mx\/historico\/wp-json\/wp\/v2\/posts\/296716","targetHints":{"allow":["GET"]}}],"collection":[{"href":"https:\/\/plazajuarez.mx\/historico\/wp-json\/wp\/v2\/posts"}],"about":[{"href":"https:\/\/plazajuarez.mx\/historico\/wp-json\/wp\/v2\/types\/post"}],"author":[{"embeddable":true,"href":"https:\/\/plazajuarez.mx\/historico\/wp-json\/wp\/v2\/users\/73"}],"replies":[{"embeddable":true,"href":"https:\/\/plazajuarez.mx\/historico\/wp-json\/wp\/v2\/comments?post=296716"}],"version-history":[{"count":0,"href":"https:\/\/plazajuarez.mx\/historico\/wp-json\/wp\/v2\/posts\/296716\/revisions"}],"wp:featuredmedia":[{"embeddable":true,"href":"https:\/\/plazajuarez.mx\/historico\/wp-json\/wp\/v2\/media\/296717"}],"wp:attachment":[{"href":"https:\/\/plazajuarez.mx\/historico\/wp-json\/wp\/v2\/media?parent=296716"}],"wp:term":[{"taxonomy":"category","embeddable":true,"href":"https:\/\/plazajuarez.mx\/historico\/wp-json\/wp\/v2\/categories?post=296716"},{"taxonomy":"post_tag","embeddable":true,"href":"https:\/\/plazajuarez.mx\/historico\/wp-json\/wp\/v2\/tags?post=296716"}],"curies":[{"name":"wp","href":"https:\/\/api.w.org\/{rel}","templated":true}]}}