{"id":296669,"date":"2024-01-30T06:27:14","date_gmt":"2024-01-30T12:27:14","guid":{"rendered":"https:\/\/plazajuarez.mx\/?p=296669"},"modified":"2024-01-30T06:27:16","modified_gmt":"2024-01-30T12:27:16","slug":"balean-y-hieren-a-adolescente-en-un-anexo","status":"publish","type":"post","link":"https:\/\/plazajuarez.mx\/historico\/balean-y-hieren-a-adolescente-en-un-anexo\/","title":{"rendered":"Balean y hieren a adolescente en un anexo"},"content":{"rendered":"\n<p class=\"wp-block-paragraph\"><strong>TULANCINGO.- <\/strong>Autoridades policiacas confirmaron que, el pasado fin de semana, una mujer fue lesionada por impacto de arma de fuego en una pierna, cuando se encontraba en un anexo realizando sus labores cotidianas, pero una mujer toc\u00f3 y pregunt\u00f3 por uno de los internos, y al retirarse del lugar, emiti\u00f3 algunos disparos, uno de ellos, alcanzando a la menor.<\/p>\n\n\n\n<p class=\"wp-block-paragraph\">Fue en la colonia Guadalupe donde se dio el hecho, en el anexo identificado como \u201cVolver a empezar 1\u201d, hasta donde se trasladaron los servicios de emergencia y de seguridad p\u00fablica.<\/p>\n\n\n\n<p class=\"wp-block-paragraph\">Al llegar, el encargado del centro de rehabilitaci\u00f3n&nbsp; permiti\u00f3 el acceso para brindarle los primeros auxilio a una femenina, que fue identificada con el nombre de iniciales L. S. J., de 14 a\u00f1os de edad, y quien dijo ser originaria de la colonia Progresistas 2000.<\/p>\n\n\n\n<p class=\"wp-block-paragraph\">Los param\u00e9dicos confirmaron que la menor ten\u00eda una herida de bala en su pierna izquierda, arriba de la rodilla; por lo que procedieron a ejercer presi\u00f3n sobre la lesi\u00f3n con un trapo limpio, ya que era lo \u00fanico que hab\u00eda para evitar alg\u00fan desangrado.<\/p>\n\n\n\n<p class=\"wp-block-paragraph\">La mujer fue trasladada en una ambulancia hacia el hospital general para su valoraci\u00f3n m\u00e9dica.<\/p>\n\n\n\n<p class=\"wp-block-paragraph\">La afectada, narr\u00f3 que tocaron la puerta y preguntaron por una persona identificada como \u201cEl Mota\u201d, por lo que llam\u00f3 al susodicho; pero este al asomarse, la mujer que lo buscaba subi\u00f3 de inmediato a un carro negro desde donde detonaron&nbsp; una arma de fuego e inmediatamente el var\u00f3n cerr\u00f3 la puerta&nbsp; y fue cuando a ella le toc\u00f3 un disparo en su pierna.&nbsp;<\/p>\n\n\n\n<p class=\"wp-block-paragraph\">Hasta el momento se desconoce la identidad de la mujer atacante as\u00ed como su paradero, en tanto, agentes del Ministerio P\u00fablico acudieron al anexo para iniciar la carpeta de averiguaci\u00f3n correspondiente.<\/p>\n","protected":false},"excerpt":{"rendered":"<p>TULANCINGO.- Autoridades policiacas confirmaron que, el pasado fin de semana, una mujer fue lesionada por impacto de arma de fuego en una pierna, cuando se encontraba en un anexo realizando sus labores cotidianas, pero una mujer toc\u00f3 y pregunt\u00f3 por uno de los internos, y al retirarse del lugar, emiti\u00f3 algunos disparos, uno de ellos, [&hellip;]<\/p>\n","protected":false},"author":93,"featured_media":296671,"comment_status":"closed","ping_status":"closed","sticky":false,"template":"","format":"standard","meta":{"footnotes":""},"categories":[40],"tags":[],"class_list":["post-296669","post","type-post","status-publish","format-standard","has-post-thumbnail","hentry","category-region"],"_links":{"self":[{"href":"https:\/\/plazajuarez.mx\/historico\/wp-json\/wp\/v2\/posts\/296669","targetHints":{"allow":["GET"]}}],"collection":[{"href":"https:\/\/plazajuarez.mx\/historico\/wp-json\/wp\/v2\/posts"}],"about":[{"href":"https:\/\/plazajuarez.mx\/historico\/wp-json\/wp\/v2\/types\/post"}],"author":[{"embeddable":true,"href":"https:\/\/plazajuarez.mx\/historico\/wp-json\/wp\/v2\/users\/93"}],"replies":[{"embeddable":true,"href":"https:\/\/plazajuarez.mx\/historico\/wp-json\/wp\/v2\/comments?post=296669"}],"version-history":[{"count":0,"href":"https:\/\/plazajuarez.mx\/historico\/wp-json\/wp\/v2\/posts\/296669\/revisions"}],"wp:featuredmedia":[{"embeddable":true,"href":"https:\/\/plazajuarez.mx\/historico\/wp-json\/wp\/v2\/media\/296671"}],"wp:attachment":[{"href":"https:\/\/plazajuarez.mx\/historico\/wp-json\/wp\/v2\/media?parent=296669"}],"wp:term":[{"taxonomy":"category","embeddable":true,"href":"https:\/\/plazajuarez.mx\/historico\/wp-json\/wp\/v2\/categories?post=296669"},{"taxonomy":"post_tag","embeddable":true,"href":"https:\/\/plazajuarez.mx\/historico\/wp-json\/wp\/v2\/tags?post=296669"}],"curies":[{"name":"wp","href":"https:\/\/api.w.org\/{rel}","templated":true}]}}