{"id":296611,"date":"2024-01-29T12:25:02","date_gmt":"2024-01-29T18:25:02","guid":{"rendered":"https:\/\/plazajuarez.mx\/?p=296611"},"modified":"2024-01-29T12:25:05","modified_gmt":"2024-01-29T18:25:05","slug":"turquia-atribuye-el-atentado-contra-iglesia-en-estambul-al-estado-islamico","status":"publish","type":"post","link":"https:\/\/plazajuarez.mx\/historico\/turquia-atribuye-el-atentado-contra-iglesia-en-estambul-al-estado-islamico\/","title":{"rendered":"Turqu\u00eda atribuye el atentado contra iglesia en Estambul al Estado Isl\u00e1mico"},"content":{"rendered":"\n<p>El atentado contra la iglesia de Santa Mar\u00eda en Estambul que dej\u00f3 un muerto este domingo es obra de dos militantes extranjeros vinculados al Estado Isl\u00e1mico (EI), ha afirmado el ministro del Interior turco, Ali Yerlikaya.<\/p>\n\n\n\n<p>&#8220;Los dos sospechosos detenidos son ambos de nacionalidad extranjera; uno es de Tayikist\u00e1n y el otro ruso. Se considera que pertenecen al Estado Isl\u00e1mico&#8221;, afirm\u00f3 el ministro en rueda de prensa.<\/p>\n\n\n\n<p>En el atentado, perpetrado por dos hombres enmascarados armados con pistolas durante la misa dominical en la iglesia de Santa Mar\u00eda, muri\u00f3 un ciudadano turco de 52 a\u00f1os por un disparo, sin que hubiera m\u00e1s heridos.<\/p>\n\n\n\n<p>A media tarde, la agencia Amaq, af\u00edn al Estado Isl\u00e1mico, hab\u00eda difundido en redes un comunicado en el que atribu\u00eda la autor\u00eda del atentado a dos militantes del EI, aunque asegurando que aparte del muerto hubo un herido, extremo desmentido por las autoridades turcas.<\/p>\n\n\n\n<p>Yerlikaya indic\u00f3 en su comparecencia que poco despu\u00e9s del atentado, la polic\u00eda llev\u00f3 a cabo una redada contra 30 locales o residencias diferentes con un saldo provisional de 47 detenidos.<\/p>\n\n\n\n<p>&#8220;Se tomar\u00e1 declaraci\u00f3n a los sospechosos para aclarar los puntos oscuros&#8221;, agreg\u00f3 el ministro en la rueda de prensa, difundida en formato de v\u00eddeo en su cuenta de X.<\/p>\n\n\n\n<p>&#8220;Estambul, joya de la corona de nuestra civilizaci\u00f3n, acoge desde hace siglos a diferentes religiones y lo seguir\u00e1 haciendo&#8221;, insisti\u00f3.<\/p>\n\n\n\n<p>Yerlikaya apunt\u00f3 que desde el 1 de junio del a\u00f1o pasado, la polic\u00eda turca ha realizado 1046 redadas contra el Estado Isl\u00e1mico, deteniendo a 2086 sospechosos, de los que 529 han pasado a prisi\u00f3n preventiva y 404 se hallan en libertad con cargos.<\/p>\n\n\n\n<p>Desde el atentado contra la discoteca Reina en Estambul en la nochevieja de 2016, Turqu\u00eda, que en 2016-2017 llev\u00f3 a cabo una operaci\u00f3n militar contra el Estado Isl\u00e1mico en el norte de Siria, no hab\u00eda vuelto a sufrir atentados atribuidos al yihadismo.<\/p>\n\n\n\n<p>En diciembre pasado, la prensa turca inform\u00f3 de la detenci\u00f3n de tres dirigentes del Estado Isl\u00e1mico que preparaban, seg\u00fan afirmaba, atentados contra iglesias y sinagogas.<\/p>\n","protected":false},"excerpt":{"rendered":"<p>El atentado contra la iglesia de Santa Mar\u00eda en Estambul que dej\u00f3 un muerto este domingo es obra de dos militantes extranjeros vinculados al Estado Isl\u00e1mico (EI), ha afirmado el ministro del Interior turco, Ali Yerlikaya. &#8220;Los dos sospechosos detenidos son ambos de nacionalidad extranjera; uno es de Tayikist\u00e1n y el otro ruso. Se considera [&hellip;]<\/p>\n","protected":false},"author":80,"featured_media":296612,"comment_status":"closed","ping_status":"closed","sticky":false,"template":"","format":"standard","meta":{"footnotes":""},"categories":[31],"tags":[],"class_list":["post-296611","post","type-post","status-publish","format-standard","has-post-thumbnail","hentry","category-orbe"],"_links":{"self":[{"href":"https:\/\/plazajuarez.mx\/historico\/wp-json\/wp\/v2\/posts\/296611","targetHints":{"allow":["GET"]}}],"collection":[{"href":"https:\/\/plazajuarez.mx\/historico\/wp-json\/wp\/v2\/posts"}],"about":[{"href":"https:\/\/plazajuarez.mx\/historico\/wp-json\/wp\/v2\/types\/post"}],"author":[{"embeddable":true,"href":"https:\/\/plazajuarez.mx\/historico\/wp-json\/wp\/v2\/users\/80"}],"replies":[{"embeddable":true,"href":"https:\/\/plazajuarez.mx\/historico\/wp-json\/wp\/v2\/comments?post=296611"}],"version-history":[{"count":0,"href":"https:\/\/plazajuarez.mx\/historico\/wp-json\/wp\/v2\/posts\/296611\/revisions"}],"wp:featuredmedia":[{"embeddable":true,"href":"https:\/\/plazajuarez.mx\/historico\/wp-json\/wp\/v2\/media\/296612"}],"wp:attachment":[{"href":"https:\/\/plazajuarez.mx\/historico\/wp-json\/wp\/v2\/media?parent=296611"}],"wp:term":[{"taxonomy":"category","embeddable":true,"href":"https:\/\/plazajuarez.mx\/historico\/wp-json\/wp\/v2\/categories?post=296611"},{"taxonomy":"post_tag","embeddable":true,"href":"https:\/\/plazajuarez.mx\/historico\/wp-json\/wp\/v2\/tags?post=296611"}],"curies":[{"name":"wp","href":"https:\/\/api.w.org\/{rel}","templated":true}]}}