{"id":296608,"date":"2024-01-29T12:23:27","date_gmt":"2024-01-29T18:23:27","guid":{"rendered":"https:\/\/plazajuarez.mx\/?p=296608"},"modified":"2024-01-29T12:23:29","modified_gmt":"2024-01-29T18:23:29","slug":"las-claves-del-ataque-que-mato-a-tres-soldados-de-ee-uu-en-plena-escalada-en-oriente-medio","status":"publish","type":"post","link":"https:\/\/plazajuarez.mx\/historico\/las-claves-del-ataque-que-mato-a-tres-soldados-de-ee-uu-en-plena-escalada-en-oriente-medio\/","title":{"rendered":"Las claves del ataque que mat\u00f3 a tres soldados de EE.UU., en plena escalada en Oriente Medio"},"content":{"rendered":"\n<p>Tres soldados estadounidenses han muerto cerca de la frontera con Jordania en un bombardeo con un dron que ha sido reivindicado por milicias proiran\u00edes de Irak, en lo que supone el primer ataque mortal contra tropas de Estados Unidos desde el estallido en octubre de la guerra entre Israel y Ham\u00e1s.<\/p>\n\n\n\n<p>Estas son las claves del ataque.<\/p>\n\n\n\n<h2 class=\"wp-block-heading\"><strong>\u00bfQui\u00e9nes son los responsables?<\/strong><\/h2>\n\n\n\n<p>En un comunicado, el presidente de EE.UU., Joe Biden, atribuy\u00f3 el ataque a las milicias respaldadas por Ir\u00e1n que operan en Siria e Irak, aunque no lleg\u00f3 a identificar con precisi\u00f3n al grupo responsable.<\/p>\n\n\n\n<p>Aunque Washington a\u00fan no ha identificado a los autores, la agrupaci\u00f3n de milicias proiran\u00edes Resistencia Isl\u00e1mica en Irak reivindic\u00f3 este domingo varios ataques contra posiciones en Siria e Irak y asumi\u00f3 la responsabilidad del ataque mortal contra tropas estadounidenses.<\/p>\n\n\n\n<p>Seg\u00fan el Comando Central de Estados Unidos (CENTCOM), el ataque mat\u00f3 a tres soldados, cuyas identidades a\u00fan no han sido divulgadas, y dej\u00f3 al menos 34 heridos.<\/p>\n\n\n\n<p>De los 34 heridos, ocho han sufrido lesiones graves y han tenido que ser evacuados de Jordania para recibir atenci\u00f3n m\u00e9dica, aunque su condici\u00f3n es estable, detall\u00f3 el CENTCOM en un comunicado.<\/p>\n\n\n\n<h2 class=\"wp-block-heading\"><strong>\u00bfD\u00f3nde se produjo el ataque?<\/strong><\/h2>\n\n\n\n<p>Hay versiones diferentes sobre la ubicaci\u00f3n exacta del ataque: Estados Unidos afirma que ocurri\u00f3 en una base militar en el noreste de Jordania, cerca de la frontera con Siria, mientras que el Gobierno jordano sostiene que tuvo lugar fuera de su territorio y se dirigi\u00f3 contra una base estadounidense en Siria.<\/p>\n\n\n\n<p>Jordania es uno de los principales aliados de EE.UU. en la regi\u00f3n, pero la presencia de cientos de tropas estadounidenses en su territorio es un tema sensible porque la mayor\u00eda de la poblaci\u00f3n jordana rechaza la ayuda que Washington est\u00e1 proporcionando a Israel para su ofensiva sobre la Franja de Gaza.<\/p>\n\n\n\n<p>Seg\u00fan indic\u00f3 el CENTCOM en un comunicado, el ataque se produjo contra una base militar en Jordania llamada &#8216;Torre 22&#8217;, que se encuentra estrat\u00e9gicamente situada en el punto m\u00e1s al noroeste del territorio jordano, donde sus fronteras se encuentran con las de Siria e Irak.<\/p>\n\n\n\n<p>En esa base, hay desplegados unos 350 militares de EE.UU. que tienen como misi\u00f3n lograr la &#8220;derrota duradera&#8221; del grupo terrorista Estado Isl\u00e1mico (EI), detall\u00f3 el CENTCOM.<\/p>\n\n\n\n<p>Adem\u00e1s, &#8216;Torre 22&#8217; se encuentra cerca de otra guarnici\u00f3n militar estadounidense llamada &#8216;Al Tanf&#8217;, ubicada en Siria muy cerca de la frontera con Jordania y que, desde 2016, ha sido clave para las operaciones contra el EI, seg\u00fan detalla la organizaci\u00f3n International Crisis Group en su web.<\/p>\n\n\n\n<p>El Gobierno jordano asegura que el ataque ocurri\u00f3 precisamente contra la base &#8216;Al Tanf&#8217;, contradiciendo la versi\u00f3n de Estados Unidos.<\/p>\n\n\n\n<h2 class=\"wp-block-heading\"><strong>\u00bfComo responder\u00e1 Estados Unidos?<\/strong><\/h2>\n\n\n\n<p>Biden, que estaba este domingo haciendo campa\u00f1a en Carolina del Sur, prometi\u00f3 en un comunicado que los &nbsp;responsables rendir\u00e1n cuentas &#8221; en el momento y de la manera&#8221; que Estados Unidos elija.<\/p>\n\n\n\n<p>M\u00e1s tarde, durante un evento en una iglesia de Carolina del Sur, Biden dio un discurso ante cientos de feligreses en el que afirm\u00f3: &#8220;Hemos tenido un d\u00eda dif\u00edcil anoche en Oriente Medio. Hemos perdido a tres valientes en un ataque contra una de nuestras bases&#8221;.<\/p>\n\n\n\n<p>Despu\u00e9s, pidi\u00f3 un momento de silencio y lo rompi\u00f3 con dos palabras: &#8220;y responderemos&#8221;.<\/p>\n\n\n\n<p>Ante la inminencia de una respuesta estadounidense, diversos grupos proiran\u00edes en el este de Siria est\u00e1n &#8220;reubic\u00e1ndose&#8221;, mientras que varias milicias han desplegado camiones con lanzaderas de cohetes para contrarrestar posibles bombardeos estadounidenses, inform\u00f3 el Observatorio Sirio de Derechos Humanos.<\/p>\n\n\n\n<p>La muerte de tres soldados estadounidenses agrava a\u00fan m\u00e1s la ya fr\u00e1gil situaci\u00f3n en Oriente Medio, donde la tensi\u00f3n se ha disparado desde el ataque de Ham\u00e1s contra Israel el 7 de octubre, donde perdieron la vida 1.200 personas, y al que las fuerzas israel\u00edes respondieron con una ofensiva en la Franja de Gaza que ha dejado m\u00e1s de 26.000 palestinos muertos.<\/p>\n\n\n\n<p>Desde el inicio de este conflicto, las milicias proiran\u00edes de Irak han llevado a cabo m\u00e1s de un centenar de ataques contra las fuerzas estadounidenses en Irak y Siria, causando al menos 70 heridos, en su mayor\u00eda soldados con lesiones cerebrales traum\u00e1ticas.<\/p>\n\n\n\n<p>Adem\u00e1s, los rebeldes hut\u00edes en Yemen, respaldados por Ir\u00e1n, han estado atacando a buques en el Mar Rojo.<\/p>\n\n\n\n<p>Sin embargo, hasta ahora, ninguno de estos ataques hab\u00eda provocado v\u00edctimas mortales entre las filas estadounidenses.<\/p>\n","protected":false},"excerpt":{"rendered":"<p>Tres soldados estadounidenses han muerto cerca de la frontera con Jordania en un bombardeo con un dron que ha sido reivindicado por milicias proiran\u00edes de Irak, en lo que supone el primer ataque mortal contra tropas de Estados Unidos desde el estallido en octubre de la guerra entre Israel y Ham\u00e1s. Estas son las claves [&hellip;]<\/p>\n","protected":false},"author":80,"featured_media":296609,"comment_status":"closed","ping_status":"closed","sticky":false,"template":"","format":"standard","meta":{"footnotes":""},"categories":[31],"tags":[],"class_list":["post-296608","post","type-post","status-publish","format-standard","has-post-thumbnail","hentry","category-orbe"],"_links":{"self":[{"href":"https:\/\/plazajuarez.mx\/historico\/wp-json\/wp\/v2\/posts\/296608","targetHints":{"allow":["GET"]}}],"collection":[{"href":"https:\/\/plazajuarez.mx\/historico\/wp-json\/wp\/v2\/posts"}],"about":[{"href":"https:\/\/plazajuarez.mx\/historico\/wp-json\/wp\/v2\/types\/post"}],"author":[{"embeddable":true,"href":"https:\/\/plazajuarez.mx\/historico\/wp-json\/wp\/v2\/users\/80"}],"replies":[{"embeddable":true,"href":"https:\/\/plazajuarez.mx\/historico\/wp-json\/wp\/v2\/comments?post=296608"}],"version-history":[{"count":0,"href":"https:\/\/plazajuarez.mx\/historico\/wp-json\/wp\/v2\/posts\/296608\/revisions"}],"wp:featuredmedia":[{"embeddable":true,"href":"https:\/\/plazajuarez.mx\/historico\/wp-json\/wp\/v2\/media\/296609"}],"wp:attachment":[{"href":"https:\/\/plazajuarez.mx\/historico\/wp-json\/wp\/v2\/media?parent=296608"}],"wp:term":[{"taxonomy":"category","embeddable":true,"href":"https:\/\/plazajuarez.mx\/historico\/wp-json\/wp\/v2\/categories?post=296608"},{"taxonomy":"post_tag","embeddable":true,"href":"https:\/\/plazajuarez.mx\/historico\/wp-json\/wp\/v2\/tags?post=296608"}],"curies":[{"name":"wp","href":"https:\/\/api.w.org\/{rel}","templated":true}]}}