{"id":296535,"date":"2024-01-29T05:28:08","date_gmt":"2024-01-29T11:28:08","guid":{"rendered":"https:\/\/plazajuarez.mx\/?p=296535"},"modified":"2024-01-29T05:28:32","modified_gmt":"2024-01-29T11:28:32","slug":"dese-por-enterado-1241","status":"publish","type":"post","link":"https:\/\/plazajuarez.mx\/historico\/dese-por-enterado-1241\/","title":{"rendered":"DESE POR ENTERADO"},"content":{"rendered":"\n<p><strong>BUEN ENCUENTRO DE JMS CON PERIODISTAS<\/strong>. \u2013 No sin dejar de mencionar su nostalgia por el periodismo impreso, ese que se le\u00eda con el desayuno, que mancha las manos de tinta, el gobernador<strong>, Julio Menchaca Salazar<\/strong>, se reuni\u00f3 con representantes de los medios de informaci\u00f3n de Hidalgo. Fue un mensaje interesante, sincero, porque destac\u00f3 que no comulga con los que piden \u201ccr\u00edtica constructiva\u201d para exigir la que es inocua, es decir, ligera. Por el contrario, plante\u00f3 que, siempre dentro del respeto a la dignidad humana, es fundamental que haya cr\u00edtica real, respetuosa del lenguaje, pero cimentada en los hechos. Un buen encuentro sin duda.<\/p>\n\n\n\n<figure class=\"wp-block-image size-full\"><img loading=\"lazy\" decoding=\"async\" width=\"732\" height=\"754\" src=\"https:\/\/plazajuarez.mx\/historico\/historico\/wp-content\/uploads\/2024\/01\/BUEN-ENCUENTRO-DE-JMS-CON-PERIODISTAS-Facebook-Julio-Menchaca.png\" alt=\"\" class=\"wp-image-296536\" srcset=\"https:\/\/plazajuarez.mx\/historico\/wp-content\/uploads\/2024\/01\/BUEN-ENCUENTRO-DE-JMS-CON-PERIODISTAS-Facebook-Julio-Menchaca.png 732w, https:\/\/plazajuarez.mx\/historico\/wp-content\/uploads\/2024\/01\/BUEN-ENCUENTRO-DE-JMS-CON-PERIODISTAS-Facebook-Julio-Menchaca-36x36.png 36w\" sizes=\"auto, (max-width: 732px) 100vw, 732px\" \/><figcaption class=\"wp-element-caption\">Foto: Facebook Julio Menchaca<\/figcaption><\/figure>\n\n\n\n<p><strong>REAPARECI\u00d3 MIGUEL TELLO, PUEDE SER<\/strong>. \u2013 El titular de la Unidad de Planeaci\u00f3n y Prospectiva del gobierno estatal, <strong>Miguel \u00c1ngel Tello Vargas<\/strong>, reapareci\u00f3 en un evento en que se tundi\u00f3 a la Universidad Aut\u00f3noma del Estado de Hidalgo, por no haber cumplido con hacer realidad el Distrito de Educaci\u00f3n, Salud, Ciencia e Innovaci\u00f3n. Est\u00e1 claro que el mensaje va para los del Grupo Universidad, que manejan la instituci\u00f3n. Pero reapareci\u00f3 <strong>Tello Vargas<\/strong>, y sin duda eso habla de que, despu\u00e9s de todo, es posible que alcance una candidatura de Morena a diputado federal o local. No m\u00e1s, pero, con todo, es uno de los funcionarios m\u00e1s brillantes en el actual sexenio. A ver qu\u00e9 pasa.<\/p>\n\n\n\n<figure class=\"wp-block-image size-full\"><img loading=\"lazy\" decoding=\"async\" width=\"1600\" height=\"898\" src=\"https:\/\/plazajuarez.mx\/historico\/historico\/wp-content\/uploads\/2024\/01\/REAPARECIO-MIGUEL-TELLO-PUEDE-SER-Facebook-Unidad-de-Planeacion-y-Prospectiva-Hidalgo.jpeg\" alt=\"\" class=\"wp-image-296537\" srcset=\"https:\/\/plazajuarez.mx\/historico\/wp-content\/uploads\/2024\/01\/REAPARECIO-MIGUEL-TELLO-PUEDE-SER-Facebook-Unidad-de-Planeacion-y-Prospectiva-Hidalgo.jpeg 1600w, https:\/\/plazajuarez.mx\/historico\/wp-content\/uploads\/2024\/01\/REAPARECIO-MIGUEL-TELLO-PUEDE-SER-Facebook-Unidad-de-Planeacion-y-Prospectiva-Hidalgo-768x431.jpeg 768w, https:\/\/plazajuarez.mx\/historico\/wp-content\/uploads\/2024\/01\/REAPARECIO-MIGUEL-TELLO-PUEDE-SER-Facebook-Unidad-de-Planeacion-y-Prospectiva-Hidalgo-1536x862.jpeg 1536w\" sizes=\"auto, (max-width: 1600px) 100vw, 1600px\" \/><figcaption class=\"wp-element-caption\">Foto: Facebook Unidad de Planeacio\u0301n y Prospectiva Hidalgo<\/figcaption><\/figure>\n\n\n\n<p><strong>LA TODAS PARA M\u00cd<\/strong>. \u2013 Hijoles Carito, as\u00ed ni c\u00f3mo entenderte. Porque agandallarse todas las candidaturas pluris del tricolor, y dejar a la vera del camino y del destino, a quienes se la jugaron en serio por seguir en el PRI, cuando casi todos brincaron del barco, como que no se entiende. Vaya pues, que no es buena muestra de que decidieron cambiar, porque la verdad es que no es as\u00ed. Por lo mientras, los que aseguraban que lo iban a hacer, ya hasta se burlan de los que ten\u00edan alguna duda. No Carito, as\u00ed no, as\u00ed no.<\/p>\n\n\n\n<figure class=\"wp-block-image size-full\"><img loading=\"lazy\" decoding=\"async\" width=\"1024\" height=\"683\" src=\"https:\/\/plazajuarez.mx\/historico\/historico\/wp-content\/uploads\/2024\/01\/LA-TODAS-PARA-MI-CORTESIA.jpeg\" alt=\"\" class=\"wp-image-296538\" srcset=\"https:\/\/plazajuarez.mx\/historico\/wp-content\/uploads\/2024\/01\/LA-TODAS-PARA-MI-CORTESIA.jpeg 1024w, https:\/\/plazajuarez.mx\/historico\/wp-content\/uploads\/2024\/01\/LA-TODAS-PARA-MI-CORTESIA-768x512.jpeg 768w, https:\/\/plazajuarez.mx\/historico\/wp-content\/uploads\/2024\/01\/LA-TODAS-PARA-MI-CORTESIA-274x183.jpeg 274w, https:\/\/plazajuarez.mx\/historico\/wp-content\/uploads\/2024\/01\/LA-TODAS-PARA-MI-CORTESIA-80x54.jpeg 80w, https:\/\/plazajuarez.mx\/historico\/wp-content\/uploads\/2024\/01\/LA-TODAS-PARA-MI-CORTESIA-130x87.jpeg 130w, https:\/\/plazajuarez.mx\/historico\/wp-content\/uploads\/2024\/01\/LA-TODAS-PARA-MI-CORTESIA-359x240.jpeg 359w, https:\/\/plazajuarez.mx\/historico\/wp-content\/uploads\/2024\/01\/LA-TODAS-PARA-MI-CORTESIA-85x57.jpeg 85w, https:\/\/plazajuarez.mx\/historico\/wp-content\/uploads\/2024\/01\/LA-TODAS-PARA-MI-CORTESIA-546x365.jpeg 546w, https:\/\/plazajuarez.mx\/historico\/wp-content\/uploads\/2024\/01\/LA-TODAS-PARA-MI-CORTESIA-165x109.jpeg 165w, https:\/\/plazajuarez.mx\/historico\/wp-content\/uploads\/2024\/01\/LA-TODAS-PARA-MI-CORTESIA-112x75.jpeg 112w, https:\/\/plazajuarez.mx\/historico\/wp-content\/uploads\/2024\/01\/LA-TODAS-PARA-MI-CORTESIA-179x120.jpeg 179w, https:\/\/plazajuarez.mx\/historico\/wp-content\/uploads\/2024\/01\/LA-TODAS-PARA-MI-CORTESIA-170x113.jpeg 170w, https:\/\/plazajuarez.mx\/historico\/wp-content\/uploads\/2024\/01\/LA-TODAS-PARA-MI-CORTESIA-81x55.jpeg 81w, https:\/\/plazajuarez.mx\/historico\/wp-content\/uploads\/2024\/01\/LA-TODAS-PARA-MI-CORTESIA-765x510.jpeg 765w\" sizes=\"auto, (max-width: 1024px) 100vw, 1024px\" \/><figcaption class=\"wp-element-caption\">Foto: Cotes\u00eda<\/figcaption><\/figure>\n\n\n\n<p><strong>13 QUIEREN SER CANDIDATOS DE MORENA PARA MINERAL DE LA REFORMA<\/strong>. \u2013 Oiga usted que son muchos, y adem\u00e1s dan vida al n\u00famero de la mala suerte. Pero s\u00ed, se registraron ayer: Shadia Mart\u00ednez, esposa del actual alcalde de dicho municipio; Hilda Miranda Miranda, Er\u00e9ndira Mendoza Meza y Areli Maya Monsalvo, y tambi\u00e9n, Jes\u00fas Osiris Leines, Eduardo Med\u00e9cigo Rubio, actual subsecretario de gobierno, Mario Garc\u00eda Reyes, Iram Gonz\u00e1lez P\u00e9rez, Rub\u00e9n Contreras G\u00f3mez, Javier Ba\u00f1os Morales, Enedino S\u00e1nchez Madrid y Carlos Mendoza \u00c1lvarez. Como que son muchos.<\/p>\n\n\n\n<figure class=\"wp-block-image size-full\"><img loading=\"lazy\" decoding=\"async\" width=\"800\" height=\"460\" src=\"https:\/\/plazajuarez.mx\/historico\/historico\/wp-content\/uploads\/2024\/01\/13-QUIEREN-SER-CANDIDATOS-DE-MORENA-ARCHIVO.jpg\" alt=\"\" class=\"wp-image-296539\" srcset=\"https:\/\/plazajuarez.mx\/historico\/wp-content\/uploads\/2024\/01\/13-QUIEREN-SER-CANDIDATOS-DE-MORENA-ARCHIVO.jpg 800w, https:\/\/plazajuarez.mx\/historico\/wp-content\/uploads\/2024\/01\/13-QUIEREN-SER-CANDIDATOS-DE-MORENA-ARCHIVO-768x442.jpg 768w\" sizes=\"auto, (max-width: 800px) 100vw, 800px\" \/><figcaption class=\"wp-element-caption\">Foto: Archivo<\/figcaption><\/figure>\n\n\n\n<p><strong>Aviso para que no digan: Esta columna se nutre de comentarios recabados por agencias del Recontra-Espionaje, muy similares a las que populariz\u00f3 el \u201cS\u00faper Agente 86\u201d en sus tiempos. Como tal lo que publicamos puede que sea cierto, puede que no, o todo lo contrario. Est\u00e1 usted en libertad de creer o no lo que lee, recontra-enojarse, recontra- carcajearse y hasta recontra-recordarnos a nuestra jefecita (nosotros recontra-haremos lo propio). Avisado est\u00e1 usted.<\/strong><\/p>\n\n\n\n<p><strong>Correo: desexenterado@gmail.com&nbsp;&nbsp;<\/strong><\/p>\n\n\n\n<p><strong>X: @desexenterado<\/strong><\/p>\n","protected":false},"excerpt":{"rendered":"<p>BUEN ENCUENTRO DE JMS CON PERIODISTAS. \u2013 No sin dejar de mencionar su nostalgia por el periodismo impreso, ese que se le\u00eda con el desayuno, que mancha las manos de tinta, el gobernador, Julio Menchaca Salazar, se reuni\u00f3 con representantes de los medios de informaci\u00f3n de Hidalgo. Fue un mensaje interesante, sincero, porque destac\u00f3 que [&hellip;]<\/p>\n","protected":false},"author":93,"featured_media":269245,"comment_status":"closed","ping_status":"closed","sticky":false,"template":"","format":"standard","meta":{"footnotes":""},"categories":[83],"tags":[],"class_list":["post-296535","post","type-post","status-publish","format-standard","has-post-thumbnail","hentry","category-dese-por-enterado"],"_links":{"self":[{"href":"https:\/\/plazajuarez.mx\/historico\/wp-json\/wp\/v2\/posts\/296535","targetHints":{"allow":["GET"]}}],"collection":[{"href":"https:\/\/plazajuarez.mx\/historico\/wp-json\/wp\/v2\/posts"}],"about":[{"href":"https:\/\/plazajuarez.mx\/historico\/wp-json\/wp\/v2\/types\/post"}],"author":[{"embeddable":true,"href":"https:\/\/plazajuarez.mx\/historico\/wp-json\/wp\/v2\/users\/93"}],"replies":[{"embeddable":true,"href":"https:\/\/plazajuarez.mx\/historico\/wp-json\/wp\/v2\/comments?post=296535"}],"version-history":[{"count":0,"href":"https:\/\/plazajuarez.mx\/historico\/wp-json\/wp\/v2\/posts\/296535\/revisions"}],"wp:featuredmedia":[{"embeddable":true,"href":"https:\/\/plazajuarez.mx\/historico\/wp-json\/wp\/v2\/media\/269245"}],"wp:attachment":[{"href":"https:\/\/plazajuarez.mx\/historico\/wp-json\/wp\/v2\/media?parent=296535"}],"wp:term":[{"taxonomy":"category","embeddable":true,"href":"https:\/\/plazajuarez.mx\/historico\/wp-json\/wp\/v2\/categories?post=296535"},{"taxonomy":"post_tag","embeddable":true,"href":"https:\/\/plazajuarez.mx\/historico\/wp-json\/wp\/v2\/tags?post=296535"}],"curies":[{"name":"wp","href":"https:\/\/api.w.org\/{rel}","templated":true}]}}