{"id":296532,"date":"2024-01-29T05:23:42","date_gmt":"2024-01-29T11:23:42","guid":{"rendered":"https:\/\/plazajuarez.mx\/?p=296532"},"modified":"2024-01-29T05:23:45","modified_gmt":"2024-01-29T11:23:45","slug":"reportaje-jose-maria-morelos-un-ejido-que-crece-por-su-gente","status":"publish","type":"post","link":"https:\/\/plazajuarez.mx\/historico\/reportaje-jose-maria-morelos-un-ejido-que-crece-por-su-gente\/","title":{"rendered":"REPORTAJE | Jos\u00e9 Mar\u00eda Morelos, un ejido que crece por su gente\u00a0"},"content":{"rendered":"\n<p>Hace m\u00e1s de 50 a\u00f1os, familias enteras viv\u00edan y trabajaban con el hacendado, recib\u00edan salario y contaban con un hogar; sin embargo, este modo de vida termin\u00f3. Y de un d\u00eda a otro, se vieron obligados a encontrar un lugar para vivir, as\u00ed como una nueva fuente de trabajo para sostener a sus familias.<\/p>\n\n\n\n<p>De esta forma naci\u00f3, en los a\u00f1os sesentas, la comunidad de Jos\u00e9 Mar\u00eda Morelos, localidad ubicada en el municipio de Emiliano Zapata cuya poblaci\u00f3n ronda alrededor de mil 545 habitantes, ubic\u00e1ndola en la posici\u00f3n cuatro, en cuanto a n\u00famero de habitantes, dentro de la demarcaci\u00f3n.<\/p>\n\n\n\n<p>Se trata de un ejido fundado por&nbsp; mujeres y hombres que a\u00f1os atr\u00e1s vivieron en la Hacienda \u201cMalpa\u00eds\u201d, en donde Don&nbsp; Felipe Rivas Camarillo, el adulto m\u00e1s longevo de la localidad, fungi\u00f3 como un \u201cmocito\u201d de la Hacienda.&nbsp;<\/p>\n\n\n\n<p>Dijo, \u201ctengo 101 a\u00f1os, he de haber llegado en el a\u00f1o de 1965 porque de la hacienda nos pasamos para ac\u00e1, otros se pasaron antes, yo era un mocito, cargaba el agua, barr\u00eda, ten\u00eda la edad de diez a\u00f1os; me gustaba jugar con los muchachos, hijos de los peones. Est\u00e1bamos chicos, pero todav\u00eda la hacienda estaba en buenas condiciones. Hab\u00eda muchos trabajadores que se iban al campo todo el d\u00eda y hasta en la tarde regresaban. No hab\u00eda esc\u00e1ndalo, no hab\u00eda nada de cosas, llov\u00eda mucho en ese tiempo, ya est\u00e1bamos acostumbrados a vivir all\u00e1, s\u00ed extra\u00f1o algo por el tiempo que vivimos, pero la verdad que estamos muy bien, quedamos muy bien\u201d.<\/p>\n\n\n\n<p>La vida cambi\u00f3 y conforme fueron llegando al ejido, comenzaron a autoemplearse, en el molino, en la panader\u00eda y en el campo, que en aquellos tiempos permit\u00eda vivir sin carencias, as\u00ed lo manifest\u00f3 Don Felipe Rivas, quien el pr\u00f3ximo 12 de febrero, cumplir\u00e1 102 a\u00f1os de edad.<\/p>\n\n\n\n<p>Cabe destacar que los pobladores, convertidos en ejidatarios, fortalecieron su organizaci\u00f3n para atraer servicios b\u00e1sicos como la luz, el agua, y el transporte, as\u00ed mismo gestionaron la educaci\u00f3n, los espacios recreativos y la iglesia, que en este lugar tiene como santo patrono a San Jos\u00e9. As\u00ed lo mencion\u00f3 el comisario ejidal, Juan Rivas Garc\u00eda.<\/p>\n\n\n\n<p>Refiri\u00f3 que tambi\u00e9n cuentan con una mina de materiales p\u00e9treos, que les ha permitido realizar m\u00e1s y mejores obras, y que de esta forma han logrado cambiar, poco a poco, la imagen de la comunidad. Un ejido que dio paso a una comunidad que result\u00f3 de la lucha, el esfuerzo, y sobre todo la uni\u00f3n.<\/p>\n\n\n\n<p>Detall\u00f3, \u201ctenemos muchas cosas valiosas, comidas t\u00edpicas, que a lo mejor en otras regiones no se dan como es el escamol, el chinicuil, el coraz\u00f3n del nopal que son nopales peque\u00f1os para los guisos, el conejo, la ardilla, tenemos mucho que comer ac\u00e1\u201d.<\/p>\n\n\n\n<p>Los habitantes de Jos\u00e9 Mar\u00eda Morelos, aseguran que as\u00ed como trabajan tambi\u00e9n son bien fiesteros, h\u00e1bito que qued\u00f3 arraigado desde que viv\u00edan en la Hacienda \u201cMalpa\u00eds\u201d, en donde hasta jaripeos se organizaban para festejar al hacendado. Y a varias d\u00e9cadas de haber quedado abandonada, siguen los recuerdos.<\/p>\n\n\n\n<p>Al respecto, Abel Rivas enfatiz\u00f3 \u201cme acuerdo de cuando todo esto estaba completo, no estaba destruido, la iglesia, todo estaba completito en la hacienda, los tinacales estaban en servicio, los corrales; \u00e9ramos como unas 300 gentes\u2026 de un momento a otro desapareci\u00f3 el due\u00f1o\u201d.<\/p>\n\n\n\n<p>Ante las an\u00e9cdotas que permanecen en su mente y en su coraz\u00f3n, los ahora ejidatarios de Jos\u00e9 Mar\u00eda Morelos, anhelan ver la hacienda restaurada, y que pueda convertirse en un punto tur\u00edstico que atraiga visitantes, pero tambi\u00e9n que genere desarrollo e impulse la econom\u00eda local.<\/p>\n\n\n\n<p>Recalc\u00f3, \u201cera muy bonita la hacienda, ten\u00eda su barandal todo bonito\u2026 todav\u00eda se piensa echarle su cadena arriba, irla reestructurando poco a poco, pero son miles de pesos los que necesita para m\u00e1s o menos no dejarla caer\u2026 pretendemos que sea un centro tur\u00edstico, pero pues todo se requiere de la econom\u00eda porque&nbsp; carecemos de apoyo del municipio\u2026 ojal\u00e1 Dios nos pueda prestar la vida, no s\u00e9 si el gobierno o alguno que se interesara en comprarlo, quisiera verla de nuevo restaurada, me gustar\u00eda que alguien se interesara en comprar y verla restaurada, alguna vez trajeron a la de turismo y dijo tambi\u00e9n que ser\u00eda m\u00e1s caro restaurala que hacerla de nuevo, fue lo que les dijo y no, no se interesaron nada\u201d.<\/p>\n\n\n\n<p>Jos\u00e9 Mar\u00eda Morelos, fundado en 1948, pas\u00f3 de ser un espacio para refugiados a un pueblo que lucha y crece diariamente. Un ejido que fortalece su identidad, arraiga su cultura y preserva sus tradiciones. Una nueva identidad que surge de la nostalgia de un pasado cuyos recuerdos son imborrables por las alegr\u00edas que tuvieron cuando vivieron en la hacienda que todos llamaron \u201cMalpa\u00eds\u201d.<\/p>\n\n\n","protected":false},"excerpt":{"rendered":"<p>Hace m\u00e1s de 50 a\u00f1os, familias enteras viv\u00edan y trabajaban con el hacendado, recib\u00edan salario y contaban con un hogar; sin embargo, este modo de vida termin\u00f3. Y de un d\u00eda a otro, se vieron obligados a encontrar un lugar para vivir, as\u00ed como una nueva fuente de trabajo para sostener a sus familias. De [&hellip;]<\/p>\n","protected":false},"author":93,"featured_media":296533,"comment_status":"closed","ping_status":"closed","sticky":false,"template":"","format":"standard","meta":{"footnotes":""},"categories":[15,59],"tags":[],"class_list":["post-296532","post","type-post","status-publish","format-standard","has-post-thumbnail","hentry","category-destacadas","category-general"],"_links":{"self":[{"href":"https:\/\/plazajuarez.mx\/historico\/wp-json\/wp\/v2\/posts\/296532","targetHints":{"allow":["GET"]}}],"collection":[{"href":"https:\/\/plazajuarez.mx\/historico\/wp-json\/wp\/v2\/posts"}],"about":[{"href":"https:\/\/plazajuarez.mx\/historico\/wp-json\/wp\/v2\/types\/post"}],"author":[{"embeddable":true,"href":"https:\/\/plazajuarez.mx\/historico\/wp-json\/wp\/v2\/users\/93"}],"replies":[{"embeddable":true,"href":"https:\/\/plazajuarez.mx\/historico\/wp-json\/wp\/v2\/comments?post=296532"}],"version-history":[{"count":0,"href":"https:\/\/plazajuarez.mx\/historico\/wp-json\/wp\/v2\/posts\/296532\/revisions"}],"wp:featuredmedia":[{"embeddable":true,"href":"https:\/\/plazajuarez.mx\/historico\/wp-json\/wp\/v2\/media\/296533"}],"wp:attachment":[{"href":"https:\/\/plazajuarez.mx\/historico\/wp-json\/wp\/v2\/media?parent=296532"}],"wp:term":[{"taxonomy":"category","embeddable":true,"href":"https:\/\/plazajuarez.mx\/historico\/wp-json\/wp\/v2\/categories?post=296532"},{"taxonomy":"post_tag","embeddable":true,"href":"https:\/\/plazajuarez.mx\/historico\/wp-json\/wp\/v2\/tags?post=296532"}],"curies":[{"name":"wp","href":"https:\/\/api.w.org\/{rel}","templated":true}]}}