{"id":296526,"date":"2024-01-29T05:17:05","date_gmt":"2024-01-29T11:17:05","guid":{"rendered":"https:\/\/plazajuarez.mx\/?p=296526"},"modified":"2024-01-29T05:17:07","modified_gmt":"2024-01-29T11:17:07","slug":"inauguran-centro-de-la-asociacion-de-hospitales-privados","status":"publish","type":"post","link":"https:\/\/plazajuarez.mx\/historico\/inauguran-centro-de-la-asociacion-de-hospitales-privados\/","title":{"rendered":"INAUGURAN CENTRO DE LA ASOCIACI\u00d3N DE HOSPITALES PRIVADOS\u00a0"},"content":{"rendered":"\n<p>Se llev\u00f3 a cabo la ceremonia de inauguraci\u00f3n del nuevo edificio del Centro Estatal de la Asociaci\u00f3n de Hospitales Privados, situado en el Distrito de Educaci\u00f3n, Salud, Ciencia, Tecnolog\u00eda e Innovaci\u00f3n (DESCTI).&nbsp;<\/p>\n\n\n\n<p>Ah\u00ed, Carlos Henkel Escorza, secretario de Desarrollo Econ\u00f3mico, en representaci\u00f3n del gobernador Julio Menchaca Salazar, destac\u00f3 el gran potencial que tiene Hidalgo para atraer grandes inversiones y resalt\u00f3 que bajo la visi\u00f3n del actual mandatario aplicada en la administraci\u00f3n estatal, seguir\u00e1n avanzando para generar m\u00e1s y mejores oportunidades para todos.<\/p>\n\n\n\n<p>Miguel \u00c1ngel Tello Vargas, titular de la Unidad de Planeaci\u00f3n y Prospectiva de Hidalgo, subray\u00f3 la importancia de continuar con el trabajo en sinergia entre el gobierno estatal, el sector acad\u00e9mico y privado para llevar a Hidalgo a su m\u00e1ximo potencial.&nbsp;<\/p>\n\n\n\n<p>Finalmente, el Coordinador General del DESCTI, Alejandro Franco Segura, resalt\u00f3 el papel fundamental que tiene la iniciativa privada para que la ciencia y la tecnolog\u00eda generen impactos sociales, impulsando el crecimiento econ\u00f3mico, la generaci\u00f3n de empleos y ahora, desde este Ecosistema de Innovaci\u00f3n, tambi\u00e9n podr\u00e1 serlo en materia de inversi\u00f3n para la investigaci\u00f3n, el desarrollo y la competitividad global.<\/p>\n\n\n\n<p>Dato: El prop\u00f3sito principal de este centro es garantizar el acceso a una atenci\u00f3n integral de salud para los habitantes de Hidalgo<\/p>\n\n\n\n<p><\/p>\n","protected":false},"excerpt":{"rendered":"<p>Se llev\u00f3 a cabo la ceremonia de inauguraci\u00f3n del nuevo edificio del Centro Estatal de la Asociaci\u00f3n de Hospitales Privados, situado en el Distrito de Educaci\u00f3n, Salud, Ciencia, Tecnolog\u00eda e Innovaci\u00f3n (DESCTI).&nbsp; Ah\u00ed, Carlos Henkel Escorza, secretario de Desarrollo Econ\u00f3mico, en representaci\u00f3n del gobernador Julio Menchaca Salazar, destac\u00f3 el gran potencial que tiene Hidalgo para [&hellip;]<\/p>\n","protected":false},"author":93,"featured_media":296527,"comment_status":"closed","ping_status":"closed","sticky":false,"template":"","format":"standard","meta":{"footnotes":""},"categories":[59],"tags":[],"class_list":["post-296526","post","type-post","status-publish","format-standard","has-post-thumbnail","hentry","category-general"],"_links":{"self":[{"href":"https:\/\/plazajuarez.mx\/historico\/wp-json\/wp\/v2\/posts\/296526","targetHints":{"allow":["GET"]}}],"collection":[{"href":"https:\/\/plazajuarez.mx\/historico\/wp-json\/wp\/v2\/posts"}],"about":[{"href":"https:\/\/plazajuarez.mx\/historico\/wp-json\/wp\/v2\/types\/post"}],"author":[{"embeddable":true,"href":"https:\/\/plazajuarez.mx\/historico\/wp-json\/wp\/v2\/users\/93"}],"replies":[{"embeddable":true,"href":"https:\/\/plazajuarez.mx\/historico\/wp-json\/wp\/v2\/comments?post=296526"}],"version-history":[{"count":0,"href":"https:\/\/plazajuarez.mx\/historico\/wp-json\/wp\/v2\/posts\/296526\/revisions"}],"wp:featuredmedia":[{"embeddable":true,"href":"https:\/\/plazajuarez.mx\/historico\/wp-json\/wp\/v2\/media\/296527"}],"wp:attachment":[{"href":"https:\/\/plazajuarez.mx\/historico\/wp-json\/wp\/v2\/media?parent=296526"}],"wp:term":[{"taxonomy":"category","embeddable":true,"href":"https:\/\/plazajuarez.mx\/historico\/wp-json\/wp\/v2\/categories?post=296526"},{"taxonomy":"post_tag","embeddable":true,"href":"https:\/\/plazajuarez.mx\/historico\/wp-json\/wp\/v2\/tags?post=296526"}],"curies":[{"name":"wp","href":"https:\/\/api.w.org\/{rel}","templated":true}]}}