{"id":296520,"date":"2024-01-29T05:06:41","date_gmt":"2024-01-29T11:06:41","guid":{"rendered":"https:\/\/plazajuarez.mx\/?p=296520"},"modified":"2024-01-29T05:06:44","modified_gmt":"2024-01-29T11:06:44","slug":"maestra-denuncia-amenazas-contra-docentes","status":"publish","type":"post","link":"https:\/\/plazajuarez.mx\/historico\/maestra-denuncia-amenazas-contra-docentes\/","title":{"rendered":"Maestra denuncia amenazas contra docentes"},"content":{"rendered":"\n<p>Una maestra de la escuela primaria Leona Vicario, ubicada en la colonia 2 de Agosto, en el municipio de Tulancingo, pide intervenci\u00f3n de las autoridades para solucionar casos de violencia que se viven en esta instituci\u00f3n educativa.<\/p>\n\n\n\n<p>La docente Cleta Castillo Acosta, record\u00f3 que el pasado lunes 22 de enero, fue atacada por una madre de familia, de nombre Silvia Hern\u00e1ndez Hern\u00e1ndez, hecho que le ocasion\u00f3 un esguince en el cuello.<\/p>\n\n\n\n<p>Indic\u00f3 que antes del ataque, recibi\u00f3 amenazas de la madre de familia, quien exig\u00eda el pago de alrededor de dos mil pesos, por la compra de unos tenis y guantes de portero para un encuentro deportivo, sin embargo, el menor no se present\u00f3.<\/p>\n\n\n\n<p>Refiri\u00f3 que posterior a la agresi\u00f3n, acudi\u00f3 a la Procuradur\u00eda General de Justicia del Estado de Hidalgo (PGJEH), para interponer la demanda correspondiente, y se encuentra en espera de los resultados de la investigaci\u00f3n.<\/p>\n\n\n\n<p>Asimismo se\u00f1al\u00f3 que solicit\u00f3 el apoyo de la Secci\u00f3n XV del Sindicato Nacional de los Trabajadores de la Educaci\u00f3n (SNTE), para cambiar de Centro de Trabajo, pues asegur\u00f3: \u201cyo ya no regreso\u201d, y tambi\u00e9n est\u00e1 esperando a que le indiquen la resoluci\u00f3n de la petici\u00f3n.<\/p>\n\n\n\n<p>En tanto, coment\u00f3 que compa\u00f1eros docentes que laboran en la misma instituci\u00f3n, le han expresado tener miedo, pues no ha sido la \u00fanica agresi\u00f3n que se ha registrado en contra de maestros, adem\u00e1s de que han recibido amenazas por personas que habitan en dicha colonia.<\/p>\n\n\n\n<p>Adelant\u00f3 que en breve, algunos padres de familia acudir\u00e1n a las instalaciones de la Secretar\u00eda de Educaci\u00f3n P\u00fablica de Hidalgo (SEPH), en apoyo a su caso y a los maestros amedrentados, para solicitar su intervenci\u00f3n, luego que la colonia se caracteriza por ser violenta.<\/p>\n\n\n\n<p>Dato: Compa\u00f1eros docentes que laboran en la misma instituci\u00f3n, le han expresado tener miedo, pues no ha sido la \u00fanica agresi\u00f3n que se ha registrado en contra de maestros<\/p>\n\n\n\n<p><\/p>\n","protected":false},"excerpt":{"rendered":"<p>Una maestra de la escuela primaria Leona Vicario, ubicada en la colonia 2 de Agosto, en el municipio de Tulancingo, pide intervenci\u00f3n de las autoridades para solucionar casos de violencia que se viven en esta instituci\u00f3n educativa. La docente Cleta Castillo Acosta, record\u00f3 que el pasado lunes 22 de enero, fue atacada por una madre [&hellip;]<\/p>\n","protected":false},"author":73,"featured_media":296521,"comment_status":"closed","ping_status":"closed","sticky":false,"template":"","format":"standard","meta":{"footnotes":""},"categories":[15,59],"tags":[],"class_list":["post-296520","post","type-post","status-publish","format-standard","has-post-thumbnail","hentry","category-destacadas","category-general"],"_links":{"self":[{"href":"https:\/\/plazajuarez.mx\/historico\/wp-json\/wp\/v2\/posts\/296520","targetHints":{"allow":["GET"]}}],"collection":[{"href":"https:\/\/plazajuarez.mx\/historico\/wp-json\/wp\/v2\/posts"}],"about":[{"href":"https:\/\/plazajuarez.mx\/historico\/wp-json\/wp\/v2\/types\/post"}],"author":[{"embeddable":true,"href":"https:\/\/plazajuarez.mx\/historico\/wp-json\/wp\/v2\/users\/73"}],"replies":[{"embeddable":true,"href":"https:\/\/plazajuarez.mx\/historico\/wp-json\/wp\/v2\/comments?post=296520"}],"version-history":[{"count":0,"href":"https:\/\/plazajuarez.mx\/historico\/wp-json\/wp\/v2\/posts\/296520\/revisions"}],"wp:featuredmedia":[{"embeddable":true,"href":"https:\/\/plazajuarez.mx\/historico\/wp-json\/wp\/v2\/media\/296521"}],"wp:attachment":[{"href":"https:\/\/plazajuarez.mx\/historico\/wp-json\/wp\/v2\/media?parent=296520"}],"wp:term":[{"taxonomy":"category","embeddable":true,"href":"https:\/\/plazajuarez.mx\/historico\/wp-json\/wp\/v2\/categories?post=296520"},{"taxonomy":"post_tag","embeddable":true,"href":"https:\/\/plazajuarez.mx\/historico\/wp-json\/wp\/v2\/tags?post=296520"}],"curies":[{"name":"wp","href":"https:\/\/api.w.org\/{rel}","templated":true}]}}