{"id":29650,"date":"2016-10-06T18:32:50","date_gmt":"2016-10-06T18:32:50","guid":{"rendered":"http:\/\/plazajuarez.mx\/index\/index.php\/2016\/10\/06\/capacitan-a-personal-de-trabajo-social-de-la-ssh\/"},"modified":"2016-10-06T18:32:50","modified_gmt":"2016-10-06T18:32:50","slug":"capacitan-a-personal-de-trabajo-social-de-la-ssh","status":"publish","type":"post","link":"https:\/\/plazajuarez.mx\/historico\/capacitan-a-personal-de-trabajo-social-de-la-ssh\/","title":{"rendered":"Capacitan a personal de Trabajo Social de la SSH"},"content":{"rendered":"<p style=\"text-align: justify;\">Personal de Trabajo Social de los diferentes Centros de Salud y Unidades Hospitalarias participaron en las XI Jornadas Acad\u00e9micas de Trabajo Social, evento organizado por la Secretar\u00eda de Salud (SSH) en coordinaci\u00f3n con la Subsecretar\u00eda de Prestaci\u00f3n de Servicios y la Direcci\u00f3n de Unidades M\u00e9dicas Especializadas.<\/p>\n<p>  <!--more-->  <\/p>\n<p style=\"text-align: justify;\">El objetivo de este tipo de actividades es que el personal de trabajo social que atiende en diferentes espacios de la SSH, ampli\u00e9 sus conocimientos orientados a una mejora en la atenci\u00f3n de los usuarios.<\/p>\n<p style=\"text-align: justify;\">Autoridades de la SSH aseguraron que la acci\u00f3n del trabajador social, se forja en el contacto diario con la poblaci\u00f3n que acude a las diferentes instituciones como Jurisdicciones Sanitarias, Unidades Hospitalarias y M\u00e9dicas de Especialidad.<\/p>\n<p style=\"text-align: justify;\">Los 150 trabajadores que participaron durante esta actualizaci\u00f3n, abordaron temas como: Calidad del Servicio y Trato digno, Interrupci\u00f3n legal del embarazo, Derecho a la protecci\u00f3n de la salud, Metodolog\u00eda en el trabajo social en el \u00e1rea de salud, Violencia contra las mujeres, Trabajo social contempor\u00e1neo en el \u00e1rea de la salud.<\/p>\n<p style=\"text-align: justify;\">\u00a0<\/p>\n<p class=\"MsoNormal\" style=\"margin-bottom: 0.0001pt; text-align: justify; line-height: normal; background-image: initial; background-position: initial; background-size: initial; background-repeat: initial; background-attachment: initial; background-origin: initial; background-clip: initial;\">La organizaci\u00f3n de actividades acad\u00e9micas, son reflejo de la voluntad del titular de la SSH, Marco Antonio Escamilla Acosta, quien impulsa la actualizaci\u00f3n y capacitaci\u00f3n del personal como parte del desarrollo de nuevas pol\u00edticas p\u00fablicas en salud.<\/p>\n","protected":false},"excerpt":{"rendered":"<p>Personal de Trabajo Social de los diferentes Centros de Salud y Unidades Hospitalarias participaron en las XI Jornadas Acad\u00e9micas de Trabajo Social, evento organizado por la Secretar\u00eda de Salud (SSH) en coordinaci\u00f3n con la Subsecretar\u00eda de Prestaci\u00f3n de Servicios y la Direcci\u00f3n de Unidades M\u00e9dicas Especializadas.<\/p>\n","protected":false},"author":6,"featured_media":0,"comment_status":"open","ping_status":"open","sticky":false,"template":"","format":"standard","meta":{"footnotes":""},"categories":[59],"tags":[],"class_list":["post-29650","post","type-post","status-publish","format-standard","hentry","category-general"],"_links":{"self":[{"href":"https:\/\/plazajuarez.mx\/historico\/wp-json\/wp\/v2\/posts\/29650","targetHints":{"allow":["GET"]}}],"collection":[{"href":"https:\/\/plazajuarez.mx\/historico\/wp-json\/wp\/v2\/posts"}],"about":[{"href":"https:\/\/plazajuarez.mx\/historico\/wp-json\/wp\/v2\/types\/post"}],"author":[{"embeddable":true,"href":"https:\/\/plazajuarez.mx\/historico\/wp-json\/wp\/v2\/users\/6"}],"replies":[{"embeddable":true,"href":"https:\/\/plazajuarez.mx\/historico\/wp-json\/wp\/v2\/comments?post=29650"}],"version-history":[{"count":0,"href":"https:\/\/plazajuarez.mx\/historico\/wp-json\/wp\/v2\/posts\/29650\/revisions"}],"wp:attachment":[{"href":"https:\/\/plazajuarez.mx\/historico\/wp-json\/wp\/v2\/media?parent=29650"}],"wp:term":[{"taxonomy":"category","embeddable":true,"href":"https:\/\/plazajuarez.mx\/historico\/wp-json\/wp\/v2\/categories?post=29650"},{"taxonomy":"post_tag","embeddable":true,"href":"https:\/\/plazajuarez.mx\/historico\/wp-json\/wp\/v2\/tags?post=29650"}],"curies":[{"name":"wp","href":"https:\/\/api.w.org\/{rel}","templated":true}]}}