{"id":29648,"date":"2016-10-06T18:20:23","date_gmt":"2016-10-06T18:20:23","guid":{"rendered":"http:\/\/plazajuarez.mx\/index\/index.php\/2016\/10\/06\/senado-e-ift-buscan-mejorar-servicios-de-telefonia-e-internet\/"},"modified":"2016-10-06T18:20:23","modified_gmt":"2016-10-06T18:20:23","slug":"senado-e-ift-buscan-mejorar-servicios-de-telefonia-e-internet","status":"publish","type":"post","link":"https:\/\/plazajuarez.mx\/historico\/senado-e-ift-buscan-mejorar-servicios-de-telefonia-e-internet\/","title":{"rendered":"Senado e IFT buscan mejorar servicios de telefon\u00eda e internet"},"content":{"rendered":"<p>Mejorar la cobertura y los precios en internet y telefon\u00eda, radio y televisi\u00f3n, es lo que busca el Senado en la ratificaci\u00f3n del pr\u00f3ximo comisionado nacional del Instituto Federal de Telecomunicaciones (IFT).<\/p>\n<p>  <!--more-->  <\/p>\n<p>Esto lo destac\u00f3 la senadora hidalguense Carmen Dorantes Mart\u00ednez, durante la comparecencia de Javier Ju\u00e1rez Mojica, cuyo perfil fue propuesto por el presidente Pe\u00f1a Nieto al Senado de la Rep\u00fablica, para ocupar el cargo de comisionado nacional del IFT por un periodo de 9 a\u00f1os.<\/p>\n<p>Dorantes Mart\u00ednez es integrante de la Comisi\u00f3n de Telecomunicaciones y Transportes, particip\u00f3 en esta comparecencia, en la que Javier Ju\u00e1rez expuso sus cartas credenciales ante las y los senadores que integran tambi\u00e9n las comisiones de Radio, Televisi\u00f3n y Cinematograf\u00eda, as\u00ed como la de Estudios Legislativos.<\/p>\n<p>La legisladora hidalguense se\u00f1al\u00f3 que en esta comparecencia, los principales cuestionamientos giraron en torno a la necesidad de mejorar la calidad de los servicios de internet y de telefon\u00eda, pues prevalece en muchos casos las llamadas telef\u00f3nicas que se cortan o las regiones del pa\u00eds sin servicio eficiente de internet.<\/p>\n<p>As\u00ed mismo, los precios en todos los servicios, especialmente de televisi\u00f3n de paga, fueron otro punto abordado en esta comparecencia que tuvo lugar la ma\u00f1ana de este jueves. \u201cEn este sentido, Javier Ju\u00e1rez destac\u00f3 su inter\u00e9s en promover mayor competencia entre los prestadores de servicios, para mejorar los servicios y los precios\u201d, afirm\u00f3 la senadora.<\/p>\n<p>El tema que Javier Ju\u00e1rez destac\u00f3 como el proyecto principal que impulsar\u00e1, en caso de que en los pr\u00f3ximos d\u00edas sea ratificado por el pleno del Senado, ser\u00e1 la consolidaci\u00f3n de la infraestructura en materia de telecomunicaciones; revisar\u00e1 la infraestructura instalada para potenciarala, y promover\u00e1 la creaci\u00f3n de nuevo equipamiento.<\/p>\n<p>\u201cComo grupo parlamentario del PRI, estamos muy satisfechos con el perfil personal y profesional que nos expuso Javier Ju\u00e1rez, y estamos seguros que desempe\u00f1ar\u00e1 un gran papel, apegado al derecho y al profesionalismo.<\/p>\n<p>\u201cY como Comisi\u00f3n de Comunicaciones y Transportes, trabajaremos de cerca con quien resulte designado por el pleno del Senado como comisionado del Instituto Federal de Telecomunicaciones\u201d, agreg\u00f3 Carmen Dorantes.<\/p>\n","protected":false},"excerpt":{"rendered":"<p>Mejorar la cobertura y los precios en internet y telefon\u00eda, radio y televisi\u00f3n, es lo que busca el Senado en la ratificaci\u00f3n del pr\u00f3ximo comisionado nacional del Instituto Federal de Telecomunicaciones (IFT).<\/p>\n","protected":false},"author":6,"featured_media":0,"comment_status":"open","ping_status":"open","sticky":false,"template":"","format":"standard","meta":{"footnotes":""},"categories":[59],"tags":[],"class_list":["post-29648","post","type-post","status-publish","format-standard","hentry","category-general"],"_links":{"self":[{"href":"https:\/\/plazajuarez.mx\/historico\/wp-json\/wp\/v2\/posts\/29648","targetHints":{"allow":["GET"]}}],"collection":[{"href":"https:\/\/plazajuarez.mx\/historico\/wp-json\/wp\/v2\/posts"}],"about":[{"href":"https:\/\/plazajuarez.mx\/historico\/wp-json\/wp\/v2\/types\/post"}],"author":[{"embeddable":true,"href":"https:\/\/plazajuarez.mx\/historico\/wp-json\/wp\/v2\/users\/6"}],"replies":[{"embeddable":true,"href":"https:\/\/plazajuarez.mx\/historico\/wp-json\/wp\/v2\/comments?post=29648"}],"version-history":[{"count":0,"href":"https:\/\/plazajuarez.mx\/historico\/wp-json\/wp\/v2\/posts\/29648\/revisions"}],"wp:attachment":[{"href":"https:\/\/plazajuarez.mx\/historico\/wp-json\/wp\/v2\/media?parent=29648"}],"wp:term":[{"taxonomy":"category","embeddable":true,"href":"https:\/\/plazajuarez.mx\/historico\/wp-json\/wp\/v2\/categories?post=29648"},{"taxonomy":"post_tag","embeddable":true,"href":"https:\/\/plazajuarez.mx\/historico\/wp-json\/wp\/v2\/tags?post=29648"}],"curies":[{"name":"wp","href":"https:\/\/api.w.org\/{rel}","templated":true}]}}