{"id":29647,"date":"2016-10-06T18:13:36","date_gmt":"2016-10-06T18:13:36","guid":{"rendered":"http:\/\/plazajuarez.mx\/index\/index.php\/2016\/10\/06\/iglesia-rechaza-que-curas-sean-blanco-del-crimen\/"},"modified":"2016-10-06T18:13:36","modified_gmt":"2016-10-06T18:13:36","slug":"iglesia-rechaza-que-curas-sean-blanco-del-crimen","status":"publish","type":"post","link":"https:\/\/plazajuarez.mx\/historico\/iglesia-rechaza-que-curas-sean-blanco-del-crimen\/","title":{"rendered":"Iglesia rechaza que curas sean &#8220;blanco&#8221; del crimen"},"content":{"rendered":"<p class=\"MsoNormal\">La Conferencia del Episcopado Mexicano (CEM) descart\u00f3 que haya una persecuci\u00f3n contra los sacerdotes debido a los asesinatos de tres curas en Veracruz y Michoac\u00e1n en las \u00faltimas semanas, sino que los ministros de culto no est\u00e1n exentos del clima de violencia que prevalece en el pa\u00eds.<\/p>\n<p>  <!--more-->  <\/p>\n<p class=\"MsoNormal\">En un acercamiento con los medios de comunicaci\u00f3n el secretario general de la CEM, Alfonso Miranda Guardiola, rechaz\u00f3 que los sacerdotes sean \u201cblanco\u201d de la violencia pero como todos los ciudadanos padecen este tipo de situaciones ya que ejercen su ministerio en todos los rincones del pa\u00eds, incluso en los m\u00e1s violentos.<\/p>\n<p class=\"MsoNormal\">\u201cNo notamos una persecuci\u00f3n abierta contra los sacerdotes como si fu\u00e9ramos blanco m\u00e1s bien la vemos y la sentimos como parte del clima social de todo el pa\u00eds del que no estamos exentos los sacerdotes y como todos los ciudadanos, como Iglesia tenemos que cuidarnos prepararnos, saber c\u00f3mo tratar este clima porque los sacerdotes est\u00e1n en todos los rincones del pa\u00eds incluidos donde hay m\u00e1xima violencia y donde hay presencia del crimen\u201d, dijo.<\/p>\n<p class=\"MsoNormal\">El tambi\u00e9n obispo auxiliar de Monterrey coment\u00f3 que tras las muertes de los curas la Iglesia Cat\u00f3lica atraves\u00f3 momentos de \u201cdolor y mucha tristeza\u201d pero tambi\u00e9n de confusi\u00f3n por los se\u00f1alamientos de las autoridades de Veracruz sin que concluyeran las investigaciones, as\u00ed como por el v\u00eddeo que se difundi\u00f3 del p\u00e1rroco de Michoac\u00e1n en donde presuntamente se le observaba entrando a un hotel; por lo que enfatiz\u00f3 que la Iglesia debe defender a los sacerdotes cuando no hay delitos.<\/p>\n<p class=\"MsoNormal\">\u201cTres sacerdotes a los que se les quiere echar tierra, la Iglesia tenemos que defender a todo el pueblo, pero los sacerdotes son nuestros hermanos en la pastoral como no vamos a salir a defenderlos tanto hay que castigar delitos como defender cuando no los hay, las dos cosas\u201d.<\/p>\n<p class=\"MsoNormal\">El fiscal general de Veracruz, Luis \u00c1ngel Bravo Contreras, inform\u00f3 que los sacerdotes de la di\u00f3cesis de Papantla Alejo Nabor Jim\u00e9nez y Jos\u00e9 Alfredo Su\u00e1rez de la Cruz hab\u00edan convivido e incluso tomado bebidas embriagantes con sus victimarios.<\/p>\n<p class=\"MsoNormal\">Mientras que del p\u00e1rroco de Michoac\u00e1n, Jos\u00e9 Alfredo L\u00f3pez Guill\u00e9n, se difundi\u00f3 un video donde presuntamente se observaba al cura entrar a un hotel acompa\u00f1ado de un supuesto menor de edad.<\/p>\n<p class=\"MsoNormal\">\u201cNo se puede dar declaraciones o conclusiones sin haber concluido investigaciones, eso s\u00ed nos doli\u00f3 mucho, dijimos que no se vale no estamos cerrados jam\u00e1s a la verdad ni a la b\u00fasqueda de ir por los delitos. La iglesia est\u00e1 abierta tenemos la indicaci\u00f3n del santo padre de acudir a que se haga justicia siempre en cualquier situaci\u00f3n negativa. Por eso ped\u00edamos que dejaran de manchar sus nombres en Veracruz y en Michoac\u00e1n, lamentablemente despu\u00e9s de la nota hubo declaraciones de la autoridad que se difundieron masivamente despu\u00e9s de anunciar el dolor nosotros tuvimos que revisar que estaba pasando\u201d.<\/p>\n<p class=\"MsoNormal\">Respecto al tema del matrimonio igualitario, Miranda Guardiola dijo que seguir\u00e1n la instrucci\u00f3n que el Papa Francisco les dio sobre la defensa y promoci\u00f3n de la familia sin discriminar a nadie; asegur\u00f3 que el mensaje de la Iglesia es \u201cabrazar a todos sin excepci\u00f3n\u201d.<\/p>\n<p class=\"MsoNormal\">\u201cEstamos en la l\u00ednea del santo padre, tanto en la apertura hacia todas las personas sin discriminaci\u00f3n absolutamente contra nadie, nuestro lenguaje quiere ser de acogida hacia todas\u00a0 las personas sin importar diferencias, preferencias ni nada por el estilo\u201d.<\/p>\n<p>\u00a0<\/p>\n<p class=\"MsoNormal\">Asegur\u00f3 que existe una buena relaci\u00f3n con el gobierno del presidente Enrique Pe\u00f1a Nieto en donde hay \u201cuna comunicaci\u00f3n fluida, nuestros comunicados le llegan, hay una comunicaci\u00f3n simplemente somos actores de este pa\u00eds, queremos junto con la sociedad construir un mejor pa\u00eds para todos que tanto lo necesitamos\u201d.<\/p>\n","protected":false},"excerpt":{"rendered":"<p>La Conferencia del Episcopado Mexicano (CEM) descart\u00f3 que haya una persecuci\u00f3n contra los sacerdotes debido a los asesinatos de tres curas en Veracruz y Michoac\u00e1n en las \u00faltimas semanas, sino que los ministros de culto no est\u00e1n exentos del clima de violencia que prevalece en el pa\u00eds.<\/p>\n","protected":false},"author":6,"featured_media":0,"comment_status":"open","ping_status":"open","sticky":false,"template":"","format":"standard","meta":{"footnotes":""},"categories":[36],"tags":[],"class_list":["post-29647","post","type-post","status-publish","format-standard","hentry","category-nacion"],"_links":{"self":[{"href":"https:\/\/plazajuarez.mx\/historico\/wp-json\/wp\/v2\/posts\/29647","targetHints":{"allow":["GET"]}}],"collection":[{"href":"https:\/\/plazajuarez.mx\/historico\/wp-json\/wp\/v2\/posts"}],"about":[{"href":"https:\/\/plazajuarez.mx\/historico\/wp-json\/wp\/v2\/types\/post"}],"author":[{"embeddable":true,"href":"https:\/\/plazajuarez.mx\/historico\/wp-json\/wp\/v2\/users\/6"}],"replies":[{"embeddable":true,"href":"https:\/\/plazajuarez.mx\/historico\/wp-json\/wp\/v2\/comments?post=29647"}],"version-history":[{"count":0,"href":"https:\/\/plazajuarez.mx\/historico\/wp-json\/wp\/v2\/posts\/29647\/revisions"}],"wp:attachment":[{"href":"https:\/\/plazajuarez.mx\/historico\/wp-json\/wp\/v2\/media?parent=29647"}],"wp:term":[{"taxonomy":"category","embeddable":true,"href":"https:\/\/plazajuarez.mx\/historico\/wp-json\/wp\/v2\/categories?post=29647"},{"taxonomy":"post_tag","embeddable":true,"href":"https:\/\/plazajuarez.mx\/historico\/wp-json\/wp\/v2\/tags?post=29647"}],"curies":[{"name":"wp","href":"https:\/\/api.w.org\/{rel}","templated":true}]}}