{"id":29646,"date":"2016-10-06T18:01:45","date_gmt":"2016-10-06T18:01:45","guid":{"rendered":"http:\/\/plazajuarez.mx\/index\/index.php\/2016\/10\/06\/aprueban-lineamientos-para-proyectos-de-infraestructura-en-el-pef-2017\/"},"modified":"2016-10-06T18:01:45","modified_gmt":"2016-10-06T18:01:45","slug":"aprueban-lineamientos-para-proyectos-de-infraestructura-en-el-pef-2017","status":"publish","type":"post","link":"https:\/\/plazajuarez.mx\/historico\/aprueban-lineamientos-para-proyectos-de-infraestructura-en-el-pef-2017\/","title":{"rendered":"Aprueban lineamientos para proyectos de infraestructura en el PEF 2017"},"content":{"rendered":"<p style=\"text-align: justify;\" align=\"center\">Fernando Moctezuma Pereda, coordinador de los Diputados Federales por Hidalgo, \u00a0inform\u00f3 que fueron aprobados los lineamientos para incluir proyectos de infraestructura en el Presupuesto de Egresos de la Federaci\u00f3n (PEF) 2017, donde observ\u00f3 que los legisladores adelantaron que se establecer\u00e1n prioridades de gasto e inversi\u00f3n, as\u00ed como que se garantice que los proyectos aprobados no tengan complicaciones ante recortes y ajustes.<\/p>\n<p>  <!--more-->  <\/p>\n<p style=\"text-align: justify;\">\u00a0El legislador federal explic\u00f3 que estas conclusiones se dieron durante una reuni\u00f3n ordinaria, en la que se aprob\u00f3 el acuerdo que establece los criterios generales para la recepci\u00f3n de proyectos susceptibles de incluirse en el PEF 2017.<\/p>\n<p style=\"text-align: justify;\">Moctezuma Pereda coincidi\u00f3 que \u201chay proyectos que no tienen pies ni cabeza\u201d por lo que se debe buscar la manera de orientarlos para que no queden abandonados y poder incluirlos el a\u00f1o que entra. De lo contrario, dijo, la cartera de proyectos no va a existir.<\/p>\n<p style=\"text-align: justify;\">A fin de estar en posibilidad de tomar en consideraci\u00f3n esas propuestas, entre otros requisitos, deber\u00e1 presentarse oficio dirigido al presidente de la Comisi\u00f3n, que incluya nombre del proyecto, monto solicitado y comprobaci\u00f3n de que cuenta con clave de carretera, derecho de v\u00eda liberado, proyecto ejecutivo y manifestaci\u00f3n de impacto ambiental o excepci\u00f3n, en su caso.<\/p>\n<p style=\"text-align: justify;\">Los proyectos se recibir\u00e1n entre el 17 y el 25 de octubre en el Palacio Legislativo de San L\u00e1zaro, en horario de 10:00 a 17:00 horas. Aclar\u00f3 que en caso de que un proyecto no presente alg\u00fan requisito \u201cno se dar\u00e1 por muerto\u201d, se solicitar\u00e1 continuar con el tr\u00e1mite para que lo obtenga y pueda valorarse, en su momento.<\/p>\n<p class=\"MsoNormal\" style=\"line-height: normal; text-align: justify;\">Por \u00faltimo, llam\u00f3 a la sensibilidad del Ejecutivo para dar continuidad a proyectos rechazados. \u201cQueremos que lleguen tarde o temprano con todos los requisitos. El tema de la disponibilidad presupuestal ser\u00e1 otra cosa, pero no dejar que como fallaron ciertas cosas, el proyecto quede guardado en un caj\u00f3n, sino que se le d\u00e9 seguimiento hasta que tenga todos los requisitos\u201d.<\/p>\n","protected":false},"excerpt":{"rendered":"<p>Fernando Moctezuma Pereda, coordinador de los Diputados Federales por Hidalgo, \u00a0inform\u00f3 que fueron aprobados los lineamientos para incluir proyectos de infraestructura en el Presupuesto de Egresos de la Federaci\u00f3n (PEF) 2017, donde observ\u00f3 que los legisladores adelantaron que se establecer\u00e1n prioridades de gasto e inversi\u00f3n, as\u00ed como que se garantice que los proyectos aprobados no [&hellip;]<\/p>\n","protected":false},"author":6,"featured_media":0,"comment_status":"open","ping_status":"open","sticky":false,"template":"","format":"standard","meta":{"footnotes":""},"categories":[59],"tags":[],"class_list":["post-29646","post","type-post","status-publish","format-standard","hentry","category-general"],"_links":{"self":[{"href":"https:\/\/plazajuarez.mx\/historico\/wp-json\/wp\/v2\/posts\/29646","targetHints":{"allow":["GET"]}}],"collection":[{"href":"https:\/\/plazajuarez.mx\/historico\/wp-json\/wp\/v2\/posts"}],"about":[{"href":"https:\/\/plazajuarez.mx\/historico\/wp-json\/wp\/v2\/types\/post"}],"author":[{"embeddable":true,"href":"https:\/\/plazajuarez.mx\/historico\/wp-json\/wp\/v2\/users\/6"}],"replies":[{"embeddable":true,"href":"https:\/\/plazajuarez.mx\/historico\/wp-json\/wp\/v2\/comments?post=29646"}],"version-history":[{"count":0,"href":"https:\/\/plazajuarez.mx\/historico\/wp-json\/wp\/v2\/posts\/29646\/revisions"}],"wp:attachment":[{"href":"https:\/\/plazajuarez.mx\/historico\/wp-json\/wp\/v2\/media?parent=29646"}],"wp:term":[{"taxonomy":"category","embeddable":true,"href":"https:\/\/plazajuarez.mx\/historico\/wp-json\/wp\/v2\/categories?post=29646"},{"taxonomy":"post_tag","embeddable":true,"href":"https:\/\/plazajuarez.mx\/historico\/wp-json\/wp\/v2\/tags?post=29646"}],"curies":[{"name":"wp","href":"https:\/\/api.w.org\/{rel}","templated":true}]}}