{"id":296459,"date":"2024-01-27T06:36:32","date_gmt":"2024-01-27T12:36:32","guid":{"rendered":"https:\/\/plazajuarez.mx\/?p=296459"},"modified":"2024-01-27T06:36:34","modified_gmt":"2024-01-27T12:36:34","slug":"u2-actuara-en-la-66-edicion-de-los-grammy-desde-el-sphere-de-las-vegas","status":"publish","type":"post","link":"https:\/\/plazajuarez.mx\/historico\/u2-actuara-en-la-66-edicion-de-los-grammy-desde-el-sphere-de-las-vegas\/","title":{"rendered":"U2 actuar\u00e1 en la 66 edici\u00f3n de los Grammy desde el Sphere de Las Vegas"},"content":{"rendered":"\n<p>El grupo irland\u00e9s de rock U2 actuar\u00e1 por primera vez en directo desde el recinto Sphere de Las Vegas durante la celebraci\u00f3n de los Grammy, que tendr\u00e1n lugar en Los \u00c1ngeles el 4 de febrero, inform\u00f3 este viernes la Academia de la Grabaci\u00f3n.<\/p>\n\n\n\n<p>El segmento en el que aparecer\u00e1 la banda liderada por Bono tambi\u00e9n contar\u00e1 con &#8220;una entrega de premios especiales&#8221;, que a\u00fan no se han anunciado, y tampoco se determin\u00f3 si el espect\u00e1culo tendr\u00e1 p\u00fablico.<\/p>\n\n\n\n<p>Anteriormente la organizaci\u00f3n de los galardones hab\u00eda dado a conocer que artistas como Dua Lipa, Olivia Rodrigo, Travis Scott y Billy Joel tambi\u00e9n formar\u00e1n parte de los espect\u00e1culos de la 66 edici\u00f3n de la gala.<\/p>\n\n\n\n<p>En 2023, U2 se convirti\u00f3 en la primera banda en presentarse en el recinto de alta tecnolog\u00eda Sphere, que se inaugur\u00f3 el pasado oto\u00f1o, con su residencia titulada &#8216;U2:UV Achtung Baby Live&#8217;, centrada en las canciones de su \u00e1lbum &#8216;Achtung Baby&#8217; (1991), que terminar\u00e1 el 2 de marzo de 2024.<\/p>\n\n\n\n<p>La \u00faltima vez que U2 form\u00f3 parte de una ceremonia de los Grammy fue en 2018 en la 60 edici\u00f3n de los premios, en donde cantaron &#8216;Get Out of Your Own Way&#8217; y tuvieron una aparici\u00f3n en la actuaci\u00f3n de Kendrick Lamar la misma noche.<\/p>\n\n\n\n<p>La banda acumula 22 Grammy en su trayectoria y 46 nominaciones. Gracias a su \u00e1lbum &#8216;The Joshua Tree&#8217; de 1986 consiguieron sus primeros dos gram\u00f3fonos.<\/p>\n\n\n\n<p>Los Grammy 2024 se emitir\u00e1n a trav\u00e9s de CBS y Paramount Plus con Trevor Noah como presentador por cuarto a\u00f1o consecutivo, en una edici\u00f3n en la que se destacan artistas como SZA, Taylor Swift o Lana del Rey.<\/p>\n","protected":false},"excerpt":{"rendered":"<p>El grupo irland\u00e9s de rock U2 actuar\u00e1 por primera vez en directo desde el recinto Sphere de Las Vegas durante la celebraci\u00f3n de los Grammy, que tendr\u00e1n lugar en Los \u00c1ngeles el 4 de febrero, inform\u00f3 este viernes la Academia de la Grabaci\u00f3n. El segmento en el que aparecer\u00e1 la banda liderada por Bono tambi\u00e9n [&hellip;]<\/p>\n","protected":false},"author":80,"featured_media":296460,"comment_status":"closed","ping_status":"closed","sticky":false,"template":"","format":"standard","meta":{"footnotes":""},"categories":[38],"tags":[],"class_list":["post-296459","post","type-post","status-publish","format-standard","has-post-thumbnail","hentry","category-show"],"_links":{"self":[{"href":"https:\/\/plazajuarez.mx\/historico\/wp-json\/wp\/v2\/posts\/296459","targetHints":{"allow":["GET"]}}],"collection":[{"href":"https:\/\/plazajuarez.mx\/historico\/wp-json\/wp\/v2\/posts"}],"about":[{"href":"https:\/\/plazajuarez.mx\/historico\/wp-json\/wp\/v2\/types\/post"}],"author":[{"embeddable":true,"href":"https:\/\/plazajuarez.mx\/historico\/wp-json\/wp\/v2\/users\/80"}],"replies":[{"embeddable":true,"href":"https:\/\/plazajuarez.mx\/historico\/wp-json\/wp\/v2\/comments?post=296459"}],"version-history":[{"count":0,"href":"https:\/\/plazajuarez.mx\/historico\/wp-json\/wp\/v2\/posts\/296459\/revisions"}],"wp:featuredmedia":[{"embeddable":true,"href":"https:\/\/plazajuarez.mx\/historico\/wp-json\/wp\/v2\/media\/296460"}],"wp:attachment":[{"href":"https:\/\/plazajuarez.mx\/historico\/wp-json\/wp\/v2\/media?parent=296459"}],"wp:term":[{"taxonomy":"category","embeddable":true,"href":"https:\/\/plazajuarez.mx\/historico\/wp-json\/wp\/v2\/categories?post=296459"},{"taxonomy":"post_tag","embeddable":true,"href":"https:\/\/plazajuarez.mx\/historico\/wp-json\/wp\/v2\/tags?post=296459"}],"curies":[{"name":"wp","href":"https:\/\/api.w.org\/{rel}","templated":true}]}}