{"id":296456,"date":"2024-01-27T06:35:09","date_gmt":"2024-01-27T12:35:09","guid":{"rendered":"https:\/\/plazajuarez.mx\/?p=296456"},"modified":"2024-01-27T06:35:11","modified_gmt":"2024-01-27T12:35:11","slug":"yalitza-aparicio-y-kate-del-castillo-reconocidas-en-el-festival-de-cine-global-dominicano","status":"publish","type":"post","link":"https:\/\/plazajuarez.mx\/historico\/yalitza-aparicio-y-kate-del-castillo-reconocidas-en-el-festival-de-cine-global-dominicano\/","title":{"rendered":"Yalitza Aparicio y Kate del Castillo reconocidas en el Festival de Cine Global Dominicano"},"content":{"rendered":"\n<p>Las actrices mexicanas Yalitza Aparicio y Kate del Castillo fueron reconocidas este viernes en la apertura del XVI Festival de Cine Global Dominicano (FCGD), considerado el evento cinematogr\u00e1fico m\u00e1s importante del Caribe.<\/p>\n\n\n\n<p>Aparicio, la primera mujer ind\u00edgena en ser nominada a un Oscar como mejor actriz, en 2019, por su trabajo en la pel\u00edcula &#8216;Roma&#8217;, fue homenajeada &#8220;por su activismo en la preservaci\u00f3n de las lenguas ind\u00edgenas&#8221; y &#8220;su gran trabajo a favor de los derechos humanos&#8221;.<\/p>\n\n\n\n<p>La actriz lo dedic\u00f3 &#8220;a cada una de las personas que nunca cre\u00edmos que esto era posible y hoy nos damos cuenta que s\u00ed&#8221;.<\/p>\n\n\n\n<p>Aunque el cine a\u00fan no muestra &#8220;toda la diversidad que existe&#8221;, se est\u00e1n &#8220;trazando&#8221; los caminos para ello &#8220;y cada uno estamos formando parte de esto&#8221;, agreg\u00f3 la mexicana en la ceremonia, celebrada en el Teatro Nacional de Santo Domingo, ciudad en la que tendr\u00e1 lugar el festival hasta el pr\u00f3ximo 1 de febrero.<\/p>\n\n\n\n<p>Por su lado, del Castillo, quien interpret\u00f3 a Teresa Mendoza en la popular telenovela &#8216;La reina del sur&#8217;, fue reconocida &#8220;por su fruct\u00edfera carrera en cine y televisi\u00f3n y su destacada participaci\u00f3n en novelas, series y pel\u00edculas&#8221; en su pa\u00eds y el extranjero.<\/p>\n\n\n\n<p>Tras agradecer este &#8220;hermos\u00edsimo reconocimiento&#8221;, del Castillo, quien a los 19 a\u00f1os protagoniz\u00f3 &#8216;Muchachitas&#8217; para Televisa en 1991, se declar\u00f3 una mujer &#8220;muy exitosa&#8221; porque ha comido &#8220;del cine, de la televisi\u00f3n, del teatro&#8221; una carrera que hered\u00f3 de su padre, Eric del Castillo.<\/p>\n\n\n\n<p>En el acto se anunci\u00f3 la creaci\u00f3n del premio Pericles Mej\u00eda, en honor al considerado pionero del cine local.<\/p>\n\n\n\n<p>En su primera entrega el premio recay\u00f3 en el comunicador dominicano Carlos Lamarche y en su compatriota, el actor y productor Elvis Nolasco, residente en Estados Unidos, quien dijo que Hollywood necesita reconocer que en Rep\u00fablica Dominicana &#8220;hay tremendo talento&#8221;.<\/p>\n\n\n\n<p>El FCGD es una iniciativa de la Fundaci\u00f3n Global, Democracia y Desarrollo (Funglode), que preside el exmandatario dominicano Leonel Fern\u00e1ndez, quien encabez\u00f3 la ceremonia y destac\u00f3 los logros del festival y su aporte al desarrollo de la industria f\u00edlmica local.<\/p>\n\n\n\n<p>El acto dio paso a la proyecci\u00f3n internacional de la pel\u00edcula &#8216;Erase una vez en el Caribe&#8217;, del puertorrique\u00f1o Ray Figueroa.<\/p>\n\n\n\n<p>La programaci\u00f3n del encuentro cuenta con filmes provenientes de festivales como Sundance, Berlinale, Cannes, Tribeca o San Sebasti\u00e1n, de acuerdo con un comunicado de la organizaci\u00f3n.<\/p>\n\n\n\n<p>Proyectar\u00e1 filmes como el mexicano &#8216;T\u00f3tem&#8217;, la argentina &#8216;Los delincuentes&#8217;, la chilena &#8216;Los colonos&#8217;, la irlandesa &#8216;En la sombra de Beirut&#8217; o la venezolana &#8216;En la sombra del sol&#8217;.<\/p>\n\n\n\n<p>Igualmente, se destaca el tema de la diversidad, con obras como &#8216;Monster&#8217;, del cineasta japon\u00e9s Hirokazu Koreeda, y &#8216;Te estoy amando locamente&#8217;, del espa\u00f1ol Alejandro Mar\u00edn.<\/p>\n\n\n\n<p>En la secci\u00f3n de documentales se proyectar\u00e1, entre otros, el documental &#8216;El fot\u00f3grafo de la 40&#8217; dirigida por los fot\u00f3grafos chilenos Erika Santelises y Orlando Barria, que recrea la historia de Pedro An\u00edbal Fuentes Berg, que revel\u00f3 fotos de opositores al dictador dominicano Rafael Le\u00f3nidas Trujillo (1930-1961) torturados en la c\u00e1rcel La 40.<\/p>\n","protected":false},"excerpt":{"rendered":"<p>Las actrices mexicanas Yalitza Aparicio y Kate del Castillo fueron reconocidas este viernes en la apertura del XVI Festival de Cine Global Dominicano (FCGD), considerado el evento cinematogr\u00e1fico m\u00e1s importante del Caribe. Aparicio, la primera mujer ind\u00edgena en ser nominada a un Oscar como mejor actriz, en 2019, por su trabajo en la pel\u00edcula &#8216;Roma&#8217;, [&hellip;]<\/p>\n","protected":false},"author":80,"featured_media":296457,"comment_status":"closed","ping_status":"closed","sticky":false,"template":"","format":"standard","meta":{"footnotes":""},"categories":[38],"tags":[],"class_list":["post-296456","post","type-post","status-publish","format-standard","has-post-thumbnail","hentry","category-show"],"_links":{"self":[{"href":"https:\/\/plazajuarez.mx\/historico\/wp-json\/wp\/v2\/posts\/296456","targetHints":{"allow":["GET"]}}],"collection":[{"href":"https:\/\/plazajuarez.mx\/historico\/wp-json\/wp\/v2\/posts"}],"about":[{"href":"https:\/\/plazajuarez.mx\/historico\/wp-json\/wp\/v2\/types\/post"}],"author":[{"embeddable":true,"href":"https:\/\/plazajuarez.mx\/historico\/wp-json\/wp\/v2\/users\/80"}],"replies":[{"embeddable":true,"href":"https:\/\/plazajuarez.mx\/historico\/wp-json\/wp\/v2\/comments?post=296456"}],"version-history":[{"count":0,"href":"https:\/\/plazajuarez.mx\/historico\/wp-json\/wp\/v2\/posts\/296456\/revisions"}],"wp:featuredmedia":[{"embeddable":true,"href":"https:\/\/plazajuarez.mx\/historico\/wp-json\/wp\/v2\/media\/296457"}],"wp:attachment":[{"href":"https:\/\/plazajuarez.mx\/historico\/wp-json\/wp\/v2\/media?parent=296456"}],"wp:term":[{"taxonomy":"category","embeddable":true,"href":"https:\/\/plazajuarez.mx\/historico\/wp-json\/wp\/v2\/categories?post=296456"},{"taxonomy":"post_tag","embeddable":true,"href":"https:\/\/plazajuarez.mx\/historico\/wp-json\/wp\/v2\/tags?post=296456"}],"curies":[{"name":"wp","href":"https:\/\/api.w.org\/{rel}","templated":true}]}}