{"id":29645,"date":"2016-10-06T16:55:40","date_gmt":"2016-10-06T16:55:40","guid":{"rendered":"http:\/\/plazajuarez.mx\/index\/index.php\/2016\/10\/06\/pgr-ingresa-a-nochixtlan-a-3-meses-y-medio-de-enfrentamientos\/"},"modified":"2016-10-06T16:55:40","modified_gmt":"2016-10-06T16:55:40","slug":"pgr-ingresa-a-nochixtlan-a-3-meses-y-medio-de-enfrentamientos","status":"publish","type":"post","link":"https:\/\/plazajuarez.mx\/historico\/pgr-ingresa-a-nochixtlan-a-3-meses-y-medio-de-enfrentamientos\/","title":{"rendered":"Nuevamente impiden peritaje en Nochixtl\u00e1n; PGR se retira de la zona"},"content":{"rendered":"<p class=\"MsoNormal\" style=\"text-align: justify;\">Luego de que integrantes del Comit\u00e9 de V\u00edctimas de Nochixtl\u00e1n e integrantes de la CNTE argumentaran que no hab\u00eda condiciones para realizar el peritaje sobre los hechos violentos del 19 de junio, personal de la PGR se retir\u00f3 del lugar dos horas despu\u00e9s de su llegada en la ma\u00f1ana de este jueves.<\/p>\n<p>  <!--more-->  <\/p>\n<p class=\"MsoNormal\" style=\"text-align: justify;\">Maurilio Reyes, abogado com\u00fan de la causa de los afectados, pidi\u00f3 al director de Control de Averiguaciones Previas, Jorge Nader Kuri, suspender las diligencias y una reuni\u00f3n privada, a fin de acordar la forma en que se realizar\u00edan los trabajos.<\/p>\n<p class=\"MsoNormal\" style=\"text-align: justify;\">Adem\u00e1s, que se retiraran los peritos de la Procuradur\u00eda General de la Rep\u00fablica.<\/p>\n<p class=\"MsoNormal\" style=\"text-align: justify;\">El Comit\u00e9 de V\u00edctimas de Nochixtl\u00e1n que encabeza la profesora Juana Ram\u00f3n Sol\u00eds argument\u00f3 que la dependencia no hab\u00eda cumplido con los acuerdos alcanzados el s\u00e1bado pasado, sin especificar cu\u00e1les.<\/p>\n<p class=\"MsoNormal\" style=\"text-align: justify;\">Indic\u00f3 asimismo que no llevaban el material y utensilios necesarios para realizar el peritaje y que lo quer\u00edan realizar \u00fanicamente en zonas donde estuvieron los civiles y no los polic\u00edas.<\/p>\n<p class=\"MsoNormal\" style=\"text-align: justify;\">Hasta este momento no hay acuerdo de nueva fecha para continuar las indagatorias.<\/p>\n<p class=\"MsoNormal\" style=\"text-align: justify;\">El pasado lunes la PGR entreg\u00f3 a representantes de las v\u00edctimas una copia del legajo de investigaci\u00f3n; el martes de la semana pasada los activistas tambi\u00e9n impidieron las labores de la dependencia y el jueves retuvieron una patrulla con elementos de la Divisi\u00f3n Gendarmer\u00eda de la Polic\u00eda Federal.<\/p>\n<p class=\"MsoNormal\" style=\"text-align: justify;\">Por su parte, fuentes de la PGR confirmaron que el equipo de investigadores permaneci\u00f3 poco tiempo en la zona, donde realizar\u00edan labores en la supercarretera a la altura del kil\u00f3metro 178, punto donde el 19 de junio fallecieron ocho personas y se registraron m\u00e1s de 100 lesionados, durante un enfrentamiento entre civiles y polic\u00edas estatales y federales.<\/p>\n<p class=\"MsoNormal\" style=\"text-align: justify;\">Un grupo de personas manifest\u00f3 a los peritos su desacuerdo con la realizaci\u00f3n de peritajes y los investigadores tomaron la decisi\u00f3n de retirarse por seguridad y para no confrontarse con el Comit\u00e9 de V\u00edctimas.<\/p>\n<p class=\"MsoNormal\" style=\"text-align: justify;\">Esta es la primera vez que un equipo de la PGR ingresa a Nochixtl\u00e1n para realizar investigaciones del enfrentamiento.<\/p>\n<p class=\"MsoNormal\" style=\"text-align: justify;\">Desde que el equipo lleg\u00f3 a la zona, m\u00e1s de 100 integrantes de la Secci\u00f3n 22 de la Coordinadora Nacional de Trabajadores de la Educaci\u00f3n (CNTE) llegaron para presenciar las labores de los peritos.<\/p>\n<p class=\"MsoNormal\" style=\"text-align: justify;\">\u00a0<\/p>\n<p class=\"MsoNormal\" style=\"text-align: justify;\">\u00a0<\/p>\n","protected":false},"excerpt":{"rendered":"<p>Luego de que integrantes del Comit\u00e9 de V\u00edctimas de Nochixtl\u00e1n e integrantes de la CNTE argumentaran que no hab\u00eda condiciones para realizar el peritaje sobre los hechos violentos del 19 de junio, personal de la PGR se retir\u00f3 del lugar dos horas despu\u00e9s de su llegada en la ma\u00f1ana de este jueves.<\/p>\n","protected":false},"author":6,"featured_media":0,"comment_status":"open","ping_status":"open","sticky":false,"template":"","format":"standard","meta":{"footnotes":""},"categories":[36],"tags":[],"class_list":["post-29645","post","type-post","status-publish","format-standard","hentry","category-nacion"],"_links":{"self":[{"href":"https:\/\/plazajuarez.mx\/historico\/wp-json\/wp\/v2\/posts\/29645","targetHints":{"allow":["GET"]}}],"collection":[{"href":"https:\/\/plazajuarez.mx\/historico\/wp-json\/wp\/v2\/posts"}],"about":[{"href":"https:\/\/plazajuarez.mx\/historico\/wp-json\/wp\/v2\/types\/post"}],"author":[{"embeddable":true,"href":"https:\/\/plazajuarez.mx\/historico\/wp-json\/wp\/v2\/users\/6"}],"replies":[{"embeddable":true,"href":"https:\/\/plazajuarez.mx\/historico\/wp-json\/wp\/v2\/comments?post=29645"}],"version-history":[{"count":0,"href":"https:\/\/plazajuarez.mx\/historico\/wp-json\/wp\/v2\/posts\/29645\/revisions"}],"wp:attachment":[{"href":"https:\/\/plazajuarez.mx\/historico\/wp-json\/wp\/v2\/media?parent=29645"}],"wp:term":[{"taxonomy":"category","embeddable":true,"href":"https:\/\/plazajuarez.mx\/historico\/wp-json\/wp\/v2\/categories?post=29645"},{"taxonomy":"post_tag","embeddable":true,"href":"https:\/\/plazajuarez.mx\/historico\/wp-json\/wp\/v2\/tags?post=29645"}],"curies":[{"name":"wp","href":"https:\/\/api.w.org\/{rel}","templated":true}]}}