{"id":29644,"date":"2016-10-06T16:50:50","date_gmt":"2016-10-06T16:50:50","guid":{"rendered":"http:\/\/plazajuarez.mx\/index\/index.php\/2016\/10\/06\/naucalpan-a-punto-de-rebasar-a-ecatepec-en-feminicidios\/"},"modified":"2016-10-06T16:50:50","modified_gmt":"2016-10-06T16:50:50","slug":"naucalpan-a-punto-de-rebasar-a-ecatepec-en-feminicidios","status":"publish","type":"post","link":"https:\/\/plazajuarez.mx\/historico\/naucalpan-a-punto-de-rebasar-a-ecatepec-en-feminicidios\/","title":{"rendered":"&#8220;Naucalpan, a punto de rebasar a Ecatepec en feminicidios&#8221;"},"content":{"rendered":"<p class=\"MsoNormal\" style=\"text-align: justify;\">Rebeca Espinosa de los Monteros, madre de Karen, quien fue asesinada en Naucalpan, asegur\u00f3 que ese municipio del Estado de M\u00e9xico est\u00e1 a punto de rebasar la cifra de feminicidios de Ecatepec.<\/p>\n<p>  <!--more-->  <\/p>\n<p class=\"MsoNormal\" style=\"text-align: justify;\">&#8220;S\u00ed &#8216;me cae el veinte&#8217; de muchas cosas, es impresionante que el municipio de Naucalpan est\u00e1 a punto de rebasar a Ecatepec en feminicidios. \u00bfHasta d\u00f3nde vamos a llegar, se habla de que ayer violaron a una chica en Naucalli, que recogieron a otras dos chicas en Lomas Verdes&#8221;, denunci\u00f3.<\/p>\n<p class=\"MsoNormal\" style=\"text-align: justify;\">&#8220;Yo no voy a descansar hasta que vea a estas personas o a esta persona tras las rejas&#8221;, dijo Espinosa sobre el asesino de su hija, quien presuntamente era un \u201cfranelero\u201d del gimnasio en el que trabajaba su hija.<\/p>\n<p class=\"MsoNormal\" style=\"text-align: justify;\">Rebeca denunci\u00f3 que un d\u00eda despu\u00e9s de que su hija desapareci\u00f3 recibi\u00f3 una llamada de extorsi\u00f3n, &#8220;pero como todas las dem\u00e1s, con insultos&#8221;, sin pedir rescate o darle una prueba de vida, por lo que descart\u00f3 un secuestro.<\/p>\n<p class=\"MsoNormal\" style=\"text-align: justify;\">&#8220;A pesar de mi sentir, s\u00ed estoy exigiendo justicia&#8221;, indic\u00f3, adem\u00e1s de su familia, amigas de Karen y hasta vecinos hicieron gran parte de la investigaci\u00f3n tras la desaparici\u00f3n de su hija, &#8220;pas\u00e9 por tres ministerios, hicimos una gran investigaci\u00f3n, yo personalmente hice todo el recorrido (&#8230;), hubo videos, de estos del C4 que yo tuve que conseguir&#8221;.<\/p>\n<p class=\"MsoNormal\" style=\"text-align: justify;\">Sin embargo, se\u00f1al\u00f3 que tras el crimen de Karen, su otro hijo se encuentra muy afectado. &#8220;Mi hijo esta impactado, \u00e9l no r\u00ede, no llora s\u00f3lo me besa y me abraza&#8221;.<\/p>\n<p class=\"MsoNormal\" style=\"text-align: justify;\">La familia de Espinosa dar\u00e1 una conferencia de prensa ma\u00f1ana para esclarecer cierta informaci\u00f3n que ha salido en algunos medios de comunicaci\u00f3n.<\/p>\n","protected":false},"excerpt":{"rendered":"<p>Rebeca Espinosa de los Monteros, madre de Karen, quien fue asesinada en Naucalpan, asegur\u00f3 que ese municipio del Estado de M\u00e9xico est\u00e1 a punto de rebasar la cifra de feminicidios de Ecatepec.<\/p>\n","protected":false},"author":6,"featured_media":0,"comment_status":"open","ping_status":"open","sticky":false,"template":"","format":"standard","meta":{"footnotes":""},"categories":[36],"tags":[],"class_list":["post-29644","post","type-post","status-publish","format-standard","hentry","category-nacion"],"_links":{"self":[{"href":"https:\/\/plazajuarez.mx\/historico\/wp-json\/wp\/v2\/posts\/29644","targetHints":{"allow":["GET"]}}],"collection":[{"href":"https:\/\/plazajuarez.mx\/historico\/wp-json\/wp\/v2\/posts"}],"about":[{"href":"https:\/\/plazajuarez.mx\/historico\/wp-json\/wp\/v2\/types\/post"}],"author":[{"embeddable":true,"href":"https:\/\/plazajuarez.mx\/historico\/wp-json\/wp\/v2\/users\/6"}],"replies":[{"embeddable":true,"href":"https:\/\/plazajuarez.mx\/historico\/wp-json\/wp\/v2\/comments?post=29644"}],"version-history":[{"count":0,"href":"https:\/\/plazajuarez.mx\/historico\/wp-json\/wp\/v2\/posts\/29644\/revisions"}],"wp:attachment":[{"href":"https:\/\/plazajuarez.mx\/historico\/wp-json\/wp\/v2\/media?parent=29644"}],"wp:term":[{"taxonomy":"category","embeddable":true,"href":"https:\/\/plazajuarez.mx\/historico\/wp-json\/wp\/v2\/categories?post=29644"},{"taxonomy":"post_tag","embeddable":true,"href":"https:\/\/plazajuarez.mx\/historico\/wp-json\/wp\/v2\/tags?post=29644"}],"curies":[{"name":"wp","href":"https:\/\/api.w.org\/{rel}","templated":true}]}}