{"id":29642,"date":"2016-10-06T15:35:52","date_gmt":"2016-10-06T15:35:52","guid":{"rendered":"http:\/\/plazajuarez.mx\/index\/index.php\/2016\/10\/06\/seido-cita-a-defensor-de-el-chapo-por-declaracion-de-hijos\/"},"modified":"2016-10-06T15:35:52","modified_gmt":"2016-10-06T15:35:52","slug":"seido-cita-a-defensor-de-el-chapo-por-declaracion-de-hijos","status":"publish","type":"post","link":"https:\/\/plazajuarez.mx\/historico\/seido-cita-a-defensor-de-el-chapo-por-declaracion-de-hijos\/","title":{"rendered":"SEIDO cita a defensor de &#8220;El Chapo&#8221; por declaraci\u00f3n de hijos"},"content":{"rendered":"<p class=\"MsoNormal\" style=\"text-align: justify;\">Andr\u00e9s Granados, miembro del equipo de defensa legal de Joaqu\u00edn &#8220;El Chapo&#8221; Guzm\u00e1n, se\u00f1al\u00f3 que la Subprocuradur\u00eda Especializada de Investigaci\u00f3n en Delincuencia Organizada (SEIDO) cit\u00f3 al abogado Jos\u00e9 Refugio Rodr\u00edguez N\u00fa\u00f1ez por las declaraciones que hizo a nombre, supuestamente, de los hijos del l\u00edder del c\u00e1rtel de Sinaloa, en el que se deslindaban del ataque a los militares en Culiac\u00e1n el pasado 30 de octubre.<\/p>\n<p>  <!--more-->  <\/p>\n<p class=\"MsoNormal\" style=\"text-align: justify;\">&#8220;Al se\u00f1or Jos\u00e9 refugio le lleg\u00f3 un requerimiento de la SEIDO para que declare sobre ese tema&#8221;, dijo Granados, quien se\u00f1al\u00f3: &#8220;Quieren que se les diga cu\u00e1l es la fuente&#8221;.<\/p>\n<p class=\"MsoNormal\" style=\"text-align: justify;\">Granados detall\u00f3 que Rodr\u00edguez N\u00fa\u00f1ez asistir\u00e1 a las instalaciones de la SIEDO el pr\u00f3ximo lunes.<\/p>\n<p class=\"MsoNormal\" style=\"text-align: justify;\">El abogado denunci\u00f3 que Guzm\u00e1n Loera sigue en una situaci\u00f3n de aislamiento y que le dan un medicamento, aunque desconoce &#8220;cu\u00e1l sea&#8221;, pues no se los han querido decir a sus familiares ni abogados.<\/p>\n<p class=\"MsoNormal\" style=\"text-align: justify;\">Por su parte, el comisionado del \u00d3rgano Administrativo Desconcentrado de Prevenci\u00f3n y Readaptaci\u00f3n Social (OADPRS), Eduardo Guerrero, dijo que los medicamentos que se le administran al Chapo Guzm\u00e1n fueron recetados por un medico y los toma si as\u00ed lo quiere.<\/p>\n","protected":false},"excerpt":{"rendered":"<p>Andr\u00e9s Granados, miembro del equipo de defensa legal de Joaqu\u00edn &#8220;El Chapo&#8221; Guzm\u00e1n, se\u00f1al\u00f3 que la Subprocuradur\u00eda Especializada de Investigaci\u00f3n en Delincuencia Organizada (SEIDO) cit\u00f3 al abogado Jos\u00e9 Refugio Rodr\u00edguez N\u00fa\u00f1ez por las declaraciones que hizo a nombre, supuestamente, de los hijos del l\u00edder del c\u00e1rtel de Sinaloa, en el que se deslindaban del ataque [&hellip;]<\/p>\n","protected":false},"author":6,"featured_media":0,"comment_status":"open","ping_status":"open","sticky":false,"template":"","format":"standard","meta":{"footnotes":""},"categories":[37],"tags":[],"class_list":["post-29642","post","type-post","status-publish","format-standard","hentry","category-barandilla"],"_links":{"self":[{"href":"https:\/\/plazajuarez.mx\/historico\/wp-json\/wp\/v2\/posts\/29642","targetHints":{"allow":["GET"]}}],"collection":[{"href":"https:\/\/plazajuarez.mx\/historico\/wp-json\/wp\/v2\/posts"}],"about":[{"href":"https:\/\/plazajuarez.mx\/historico\/wp-json\/wp\/v2\/types\/post"}],"author":[{"embeddable":true,"href":"https:\/\/plazajuarez.mx\/historico\/wp-json\/wp\/v2\/users\/6"}],"replies":[{"embeddable":true,"href":"https:\/\/plazajuarez.mx\/historico\/wp-json\/wp\/v2\/comments?post=29642"}],"version-history":[{"count":0,"href":"https:\/\/plazajuarez.mx\/historico\/wp-json\/wp\/v2\/posts\/29642\/revisions"}],"wp:attachment":[{"href":"https:\/\/plazajuarez.mx\/historico\/wp-json\/wp\/v2\/media?parent=29642"}],"wp:term":[{"taxonomy":"category","embeddable":true,"href":"https:\/\/plazajuarez.mx\/historico\/wp-json\/wp\/v2\/categories?post=29642"},{"taxonomy":"post_tag","embeddable":true,"href":"https:\/\/plazajuarez.mx\/historico\/wp-json\/wp\/v2\/tags?post=29642"}],"curies":[{"name":"wp","href":"https:\/\/api.w.org\/{rel}","templated":true}]}}