{"id":29638,"date":"2016-10-06T12:42:26","date_gmt":"2016-10-06T12:42:26","guid":{"rendered":"http:\/\/plazajuarez.mx\/index\/index.php\/2016\/10\/06\/el-fuero-constitucional-debe-acabarse\/"},"modified":"2016-10-06T12:42:26","modified_gmt":"2016-10-06T12:42:26","slug":"el-fuero-constitucional-debe-acabarse","status":"publish","type":"post","link":"https:\/\/plazajuarez.mx\/historico\/el-fuero-constitucional-debe-acabarse\/","title":{"rendered":"El fuero constitucional debe acabarse"},"content":{"rendered":"<p>La Terraza<\/p>\n<p>  <!--more-->  <\/p>\n<p>Ahora s\u00ed que va en serio el combate a la impunidad y por ende contra la corrupci\u00f3n. Por qu\u00e9 digo lo anterior, simplemente porque el gobernador Omar Fayad se fue hasta el fondo en la soluci\u00f3n de una de las causas que origina la impunidad y que es la protecci\u00f3n de la ley para algunos funcionarios a trav\u00e9s del Fuero Constitucional.<br \/>El Fuero Constitucional se instituy\u00f3 para dar una garant\u00eda a favor de personas que desempe\u00f1an determinados trabajos o se ocupan en determinadas actividades, en virtud de la cual su enjuiciamiento se haya sometido a juicios especiales. Es una garant\u00eda de que gozan determinados servidores p\u00fablicos en virtud del cargo que ostentan.<br \/>En M\u00e9xico, el Fuero Constitucional es una protecci\u00f3n civil y penal que tienen algunos servidores p\u00fablicos ya que en el ejercicio de su encargo pol\u00edtico, a veces deben tomar decisiones que afectar\u00edan a una minor\u00eda en beneficio de las mayor\u00edas, y \u00e9sta al verse afectada podr\u00eda proceder penalmente en contra de \u00e9l. Desafortunadamente lo confunden con impunidad total para hacer desmanes, pero obviamente esa no es la esencia del Fuero.<br \/>\u00c9sta propuesta forma parte del paquete legislativo que se enviar\u00e1 al Congreso del Estado, y se incluyen la Ley del Sistema Estatal Anticorrupci\u00f3n y la nueva estructura de la administraci\u00f3n p\u00fablica.<br \/>El gobernador Fayad est\u00e1 convencido de que en Hidalgo nadie debe gozar de Fuero Constitucional para que los que lo tengan incluyendo \u00e9l mismo no se sientan protegidos por la ley y cometan agravios contra la ciudadan\u00eda e instituciones.<br \/>Con esta medida Omar Fayad busca recuperar la confianza de los ciudadanos en el gobierno.<br \/>Por lo tanto quedar\u00edan sin Fuero, el\u00a0 Gobernador, Alcaldes, Diputados locales y Magistrados del Tribunal Superior de Justicia.<br \/>No ser\u00e1 f\u00e1cil que esta iniciativa pase si antes no hay cabildeo con los diputados en el Congreso estatal, pues muchos de ellos, -por supuesto no todos-, buscaron llegar al congreso para verse protegidos por algunos asuntos no muy transparentes que dejaron en administraciones pasadas y que podr\u00edan afectar en tiempos actuales.<br \/>Definitivamente bien por el gobernador Omar Fayad de presentar en breve la iniciativa y ahora corresponder\u00e1 a los diputados analizarla y en su caso, aprobarla o rechazarla.<br \/>No quisiera transmitir una sensaci\u00f3n de que algo malo est\u00e1 pasando en el pa\u00eds pero m\u00e1s malo\u00a0 ser\u00eda no hacerlo, no ver que cada d\u00eda se complica m\u00e1s la situaci\u00f3n pol\u00edtica y econ\u00f3mica y que la falta de sensibilidad gubernamental tambi\u00e9n complica la situaci\u00f3n social.<br \/>El incremento en las gasolinas y la luz no dudo que sea una urgente necesidad de hacerlo por parte del gobierno. Las explicaciones de los tecn\u00f3cratas basadas en recomendaciones del Banco Mundial y de diferentes instituciones internacionales aunque se entienden, no se justifican, pues en estos momentos despu\u00e9s de que se hab\u00eda dicho que ya no habr\u00eda m\u00e1s incrementos llegaron estos.<br \/>El gobierno federal ha permitido que se abran muchos frentes que han hecho que efectivamente, la ciudadan\u00eda est\u00e9 triste y enojada pues est\u00e1 siendo bombardeada con informaci\u00f3n negativa a trav\u00e9s de las redes sociales, que por cierto el gobierno federal no sabe c\u00f3mo neutralizarlas. Mientras eso sucede en el pa\u00eds, Hidalgo pretende ponerse a la vanguardia en las leyes para combatir la corrupci\u00f3n.<br \/>Si se logra que el Congreso acepte esta propuesta, se estar\u00e1 avanzando sin lugar a duda hacia un estado m\u00e1s equitativo y seguramente se lograr\u00e1n bajar los niveles de corrupci\u00f3n y de impunidad que tanto han da\u00f1ado a la entidad.<br \/>Si en Hidalgo se logra ir a la vanguardia en cuanto a quitar el Fuero Constitucional al gobernador, diputados locales, alcaldes y a los magistrados estaremos debilitando la impunidad y abatiendo la corrupci\u00f3n y con esto estaremos en camino de la paz y tranquilidad que tanto a\u00f1ora la sociedad en su conjunto, lo dem\u00e1s llegar\u00e1 como consecuencia de estas medidas.<br \/>@lkaim<\/p>\n","protected":false},"excerpt":{"rendered":"<p>La Terraza<\/p>\n","protected":false},"author":93,"featured_media":0,"comment_status":"open","ping_status":"open","sticky":false,"template":"","format":"standard","meta":{"footnotes":""},"categories":[42],"tags":[],"class_list":["post-29638","post","type-post","status-publish","format-standard","hentry","category-nuestrapalabra"],"_links":{"self":[{"href":"https:\/\/plazajuarez.mx\/historico\/wp-json\/wp\/v2\/posts\/29638","targetHints":{"allow":["GET"]}}],"collection":[{"href":"https:\/\/plazajuarez.mx\/historico\/wp-json\/wp\/v2\/posts"}],"about":[{"href":"https:\/\/plazajuarez.mx\/historico\/wp-json\/wp\/v2\/types\/post"}],"author":[{"embeddable":true,"href":"https:\/\/plazajuarez.mx\/historico\/wp-json\/wp\/v2\/users\/93"}],"replies":[{"embeddable":true,"href":"https:\/\/plazajuarez.mx\/historico\/wp-json\/wp\/v2\/comments?post=29638"}],"version-history":[{"count":0,"href":"https:\/\/plazajuarez.mx\/historico\/wp-json\/wp\/v2\/posts\/29638\/revisions"}],"wp:attachment":[{"href":"https:\/\/plazajuarez.mx\/historico\/wp-json\/wp\/v2\/media?parent=29638"}],"wp:term":[{"taxonomy":"category","embeddable":true,"href":"https:\/\/plazajuarez.mx\/historico\/wp-json\/wp\/v2\/categories?post=29638"},{"taxonomy":"post_tag","embeddable":true,"href":"https:\/\/plazajuarez.mx\/historico\/wp-json\/wp\/v2\/tags?post=29638"}],"curies":[{"name":"wp","href":"https:\/\/api.w.org\/{rel}","templated":true}]}}