{"id":296369,"date":"2024-01-26T05:28:36","date_gmt":"2024-01-26T11:28:36","guid":{"rendered":"https:\/\/plazajuarez.mx\/?p=296369"},"modified":"2024-01-26T05:28:38","modified_gmt":"2024-01-26T11:28:38","slug":"definen-candidaturas-plurinominales-en-hidalgo","status":"publish","type":"post","link":"https:\/\/plazajuarez.mx\/historico\/definen-candidaturas-plurinominales-en-hidalgo\/","title":{"rendered":"Definen candidaturas plurinominales en Hidalgo"},"content":{"rendered":"\n<p>La Comisi\u00f3n Pol\u00edtica Permanente del Partido Revolucionario Institucional (PRI), defini\u00f3 las candidaturas plurinominales para las c\u00e1maras alta y baja del Congreso de la Uni\u00f3n, por Hidalgo.<\/p>\n\n\n\n<p>Esta determinaci\u00f3n corresponde a los acuerdos realizados por el tricolor, Acci\u00f3n Nacional (PAN) y de la Revoluci\u00f3n Democr\u00e1tica (PRD), como integrantes de la alianza \u201cFuerza y Coraz\u00f3n por M\u00e9xico\u201d.<\/p>\n\n\n\n<p>Cabe destacar que la lista plurinominal para el senado, est\u00e1 encabezada por el dirigente nacional del Revolucionario Institucional, Alejandro Moreno, seguido de la secretaria general, Carolina Viggiano Austria.<\/p>\n\n\n\n<p>En la lista para el senado tambi\u00e9n figuran el secretario general del Comit\u00e9 Nacional de la Confederaci\u00f3n de Trabajadores de M\u00e9xico (CTM), Carlos Aceves del Olmo; y el ex l\u00edder pri\u00edsta Manlio Fabio Beltrones; la presidenta del tricolor en el Estado de M\u00e9xico, Ana Lilia Herrera Anzaldo; la diputada federal Cristina Ru\u00edz Sandoval, as\u00ed como su hom\u00f3logo, Pablo Angulo Brice\u00f1o; mientras que el pasado mi\u00e9rcoles 24, el Sol Azteca registr\u00f3 a su candidato, Isidro Romero Alc\u00e1ntara.<\/p>\n\n\n\n<p>En cuanto a las candidaturas plurinominales para las diputaciones federales, reaparece Asael Hern\u00e1ndez Cer\u00f3n, ex l\u00edder de Acci\u00f3n Nacional de Hidalgo, por la cuarta circunscripci\u00f3n.<\/p>\n\n\n\n<p>Dato: Tres Hidalguenses aparecen en la lista: Carolina Viggiano Austria, sidro Romero Alc\u00e1ntara y Asael Hern\u00e1ndez Cer\u00f3n<\/p>\n\n\n\n<p><\/p>\n","protected":false},"excerpt":{"rendered":"<p>La Comisi\u00f3n Pol\u00edtica Permanente del Partido Revolucionario Institucional (PRI), defini\u00f3 las candidaturas plurinominales para las c\u00e1maras alta y baja del Congreso de la Uni\u00f3n, por Hidalgo. Esta determinaci\u00f3n corresponde a los acuerdos realizados por el tricolor, Acci\u00f3n Nacional (PAN) y de la Revoluci\u00f3n Democr\u00e1tica (PRD), como integrantes de la alianza \u201cFuerza y Coraz\u00f3n por M\u00e9xico\u201d. [&hellip;]<\/p>\n","protected":false},"author":73,"featured_media":296370,"comment_status":"closed","ping_status":"closed","sticky":false,"template":"","format":"standard","meta":{"footnotes":""},"categories":[15,59],"tags":[],"class_list":["post-296369","post","type-post","status-publish","format-standard","has-post-thumbnail","hentry","category-destacadas","category-general"],"_links":{"self":[{"href":"https:\/\/plazajuarez.mx\/historico\/wp-json\/wp\/v2\/posts\/296369","targetHints":{"allow":["GET"]}}],"collection":[{"href":"https:\/\/plazajuarez.mx\/historico\/wp-json\/wp\/v2\/posts"}],"about":[{"href":"https:\/\/plazajuarez.mx\/historico\/wp-json\/wp\/v2\/types\/post"}],"author":[{"embeddable":true,"href":"https:\/\/plazajuarez.mx\/historico\/wp-json\/wp\/v2\/users\/73"}],"replies":[{"embeddable":true,"href":"https:\/\/plazajuarez.mx\/historico\/wp-json\/wp\/v2\/comments?post=296369"}],"version-history":[{"count":0,"href":"https:\/\/plazajuarez.mx\/historico\/wp-json\/wp\/v2\/posts\/296369\/revisions"}],"wp:featuredmedia":[{"embeddable":true,"href":"https:\/\/plazajuarez.mx\/historico\/wp-json\/wp\/v2\/media\/296370"}],"wp:attachment":[{"href":"https:\/\/plazajuarez.mx\/historico\/wp-json\/wp\/v2\/media?parent=296369"}],"wp:term":[{"taxonomy":"category","embeddable":true,"href":"https:\/\/plazajuarez.mx\/historico\/wp-json\/wp\/v2\/categories?post=296369"},{"taxonomy":"post_tag","embeddable":true,"href":"https:\/\/plazajuarez.mx\/historico\/wp-json\/wp\/v2\/tags?post=296369"}],"curies":[{"name":"wp","href":"https:\/\/api.w.org\/{rel}","templated":true}]}}