{"id":296366,"date":"2024-01-26T05:26:39","date_gmt":"2024-01-26T11:26:39","guid":{"rendered":"https:\/\/plazajuarez.mx\/?p=296366"},"modified":"2024-01-26T09:29:45","modified_gmt":"2024-01-26T15:29:45","slug":"deja-benjamin-rico-la-dirigencia-del-pri-en-pachuca","status":"publish","type":"post","link":"https:\/\/plazajuarez.mx\/historico\/deja-benjamin-rico-la-dirigencia-del-pri-en-pachuca\/","title":{"rendered":"DEJA BENJAM\u00cdN RICO LA DIRIGENCIA DEL PRI EN PACHUCA"},"content":{"rendered":"\n<p>Liliana Verde Neri, asumi\u00f3 la dirigencia del Partido Revolucionario Institucional (PRI) municipal de Pachuca, ante la salida de Benjam\u00edn Rico Moreno, quien buscar\u00e1 la alcald\u00eda de Pachuca por parte del tricolor.<\/p>\n\n\n\n<p>Debido a los escasos seguidores del PRI y ante miembros de la dirigencia estatal del tricolor, se realiz\u00f3 el relevo del mando del partido en Pachuca. En el acto estuvo el ex gobernador Francisco Olvera, quien buscar\u00e1 una diputaci\u00f3n en la legislatura federal.<\/p>\n\n\n\n<p> Verde Neri se encargaba de las finanzas del tricolor y ahora estar\u00e1 al frente del partido en Pachuca, para apoyar a quien buscar\u00e1 la presidencia municipal por parte de su partido.<\/p>\n","protected":false},"excerpt":{"rendered":"<p>Liliana Verde Neri, asumi\u00f3 la dirigencia del Partido Revolucionario Institucional (PRI) municipal de Pachuca, ante la salida de Benjam\u00edn Rico Moreno, quien buscar\u00e1 la alcald\u00eda de Pachuca por parte del tricolor. Debido a los escasos seguidores del PRI y ante miembros de la dirigencia estatal del tricolor, se realiz\u00f3 el relevo del mando del partido [&hellip;]<\/p>\n","protected":false},"author":93,"featured_media":296367,"comment_status":"closed","ping_status":"closed","sticky":false,"template":"","format":"standard","meta":{"footnotes":""},"categories":[15,59],"tags":[],"class_list":["post-296366","post","type-post","status-publish","format-standard","has-post-thumbnail","hentry","category-destacadas","category-general"],"_links":{"self":[{"href":"https:\/\/plazajuarez.mx\/historico\/wp-json\/wp\/v2\/posts\/296366","targetHints":{"allow":["GET"]}}],"collection":[{"href":"https:\/\/plazajuarez.mx\/historico\/wp-json\/wp\/v2\/posts"}],"about":[{"href":"https:\/\/plazajuarez.mx\/historico\/wp-json\/wp\/v2\/types\/post"}],"author":[{"embeddable":true,"href":"https:\/\/plazajuarez.mx\/historico\/wp-json\/wp\/v2\/users\/93"}],"replies":[{"embeddable":true,"href":"https:\/\/plazajuarez.mx\/historico\/wp-json\/wp\/v2\/comments?post=296366"}],"version-history":[{"count":0,"href":"https:\/\/plazajuarez.mx\/historico\/wp-json\/wp\/v2\/posts\/296366\/revisions"}],"wp:featuredmedia":[{"embeddable":true,"href":"https:\/\/plazajuarez.mx\/historico\/wp-json\/wp\/v2\/media\/296367"}],"wp:attachment":[{"href":"https:\/\/plazajuarez.mx\/historico\/wp-json\/wp\/v2\/media?parent=296366"}],"wp:term":[{"taxonomy":"category","embeddable":true,"href":"https:\/\/plazajuarez.mx\/historico\/wp-json\/wp\/v2\/categories?post=296366"},{"taxonomy":"post_tag","embeddable":true,"href":"https:\/\/plazajuarez.mx\/historico\/wp-json\/wp\/v2\/tags?post=296366"}],"curies":[{"name":"wp","href":"https:\/\/api.w.org\/{rel}","templated":true}]}}