{"id":296360,"date":"2024-01-26T05:23:43","date_gmt":"2024-01-26T11:23:43","guid":{"rendered":"https:\/\/plazajuarez.mx\/?p=296360"},"modified":"2024-01-26T05:23:45","modified_gmt":"2024-01-26T11:23:45","slug":"el-diputado-hector-chavez-aun-no-decide-su-candidatura","status":"publish","type":"post","link":"https:\/\/plazajuarez.mx\/historico\/el-diputado-hector-chavez-aun-no-decide-su-candidatura\/","title":{"rendered":"El diputado H\u00e9ctor Ch\u00e1vez, a\u00fan no decide su candidatura"},"content":{"rendered":"\n<p>El diputado federal por el Partido de la Revoluci\u00f3n Democr\u00e1tica (PRD), H\u00e9ctor Ch\u00e1vez Ru\u00edz, se\u00f1al\u00f3 que a\u00fan no est\u00e1 decidido la posibilidad de su candidatura para reelegirse como diputado federal.<\/p>\n\n\n\n<p>Refiri\u00f3 que est\u00e1 a la espera de lo que decida su instituto pol\u00edtico, pues trabajar\u00e1 en donde sea requerido, \u201ctodav\u00eda no lo decido, s\u00ed hay cuadros que quieran venir a construir tendr\u00e1n esa posibilidad, si el partido me requiere para poder participar en una elecci\u00f3n, estamos pendientes, pero hasta&nbsp; hoy no hay nada decidido\u201d.<\/p>\n\n\n\n<p>Record\u00f3 que con base en los acuerdos de la alianza \u201cFuerza y Coraz\u00f3n por M\u00e9xico\u201d, en el \u00e1mbito federal, el Sol Azteca participar\u00e1 por las diputaciones federales en los distritos de Actopan e Ixmiquilpan.<\/p>\n\n\n\n<p>En ese sentido, reiter\u00f3 que a\u00fan no est\u00e1 decidida su participaci\u00f3n: \u201cno est\u00e1 nada establecido, estamos esperando la decisi\u00f3n del partido, y donde seamos m\u00e1s \u00fatiles, ah\u00ed estaremos\u201d.<\/p>\n\n\n\n<p>Explic\u00f3 que si bien en noviembre manifest\u00f3 su intenci\u00f3n, era un requisito ante la posibilidad de una reelecci\u00f3n, sin embargo enfatiz\u00f3 que no significa que se pueda tener una candidatura de inmediato.<\/p>\n\n\n\n<p>Dato:\u00a0 \u201cNo est\u00e1 nada establecido, estamos esperando la decisi\u00f3n del partido\u201d, <strong>apunt\u00f3 Ch\u00e1vez Ru\u00edz<\/strong><\/p>\n","protected":false},"excerpt":{"rendered":"<p>El diputado federal por el Partido de la Revoluci\u00f3n Democr\u00e1tica (PRD), H\u00e9ctor Ch\u00e1vez Ru\u00edz, se\u00f1al\u00f3 que a\u00fan no est\u00e1 decidido la posibilidad de su candidatura para reelegirse como diputado federal. Refiri\u00f3 que est\u00e1 a la espera de lo que decida su instituto pol\u00edtico, pues trabajar\u00e1 en donde sea requerido, \u201ctodav\u00eda no lo decido, s\u00ed hay [&hellip;]<\/p>\n","protected":false},"author":73,"featured_media":296361,"comment_status":"closed","ping_status":"closed","sticky":false,"template":"","format":"standard","meta":{"footnotes":""},"categories":[15,59],"tags":[],"class_list":["post-296360","post","type-post","status-publish","format-standard","has-post-thumbnail","hentry","category-destacadas","category-general"],"_links":{"self":[{"href":"https:\/\/plazajuarez.mx\/historico\/wp-json\/wp\/v2\/posts\/296360","targetHints":{"allow":["GET"]}}],"collection":[{"href":"https:\/\/plazajuarez.mx\/historico\/wp-json\/wp\/v2\/posts"}],"about":[{"href":"https:\/\/plazajuarez.mx\/historico\/wp-json\/wp\/v2\/types\/post"}],"author":[{"embeddable":true,"href":"https:\/\/plazajuarez.mx\/historico\/wp-json\/wp\/v2\/users\/73"}],"replies":[{"embeddable":true,"href":"https:\/\/plazajuarez.mx\/historico\/wp-json\/wp\/v2\/comments?post=296360"}],"version-history":[{"count":0,"href":"https:\/\/plazajuarez.mx\/historico\/wp-json\/wp\/v2\/posts\/296360\/revisions"}],"wp:featuredmedia":[{"embeddable":true,"href":"https:\/\/plazajuarez.mx\/historico\/wp-json\/wp\/v2\/media\/296361"}],"wp:attachment":[{"href":"https:\/\/plazajuarez.mx\/historico\/wp-json\/wp\/v2\/media?parent=296360"}],"wp:term":[{"taxonomy":"category","embeddable":true,"href":"https:\/\/plazajuarez.mx\/historico\/wp-json\/wp\/v2\/categories?post=296360"},{"taxonomy":"post_tag","embeddable":true,"href":"https:\/\/plazajuarez.mx\/historico\/wp-json\/wp\/v2\/tags?post=296360"}],"curies":[{"name":"wp","href":"https:\/\/api.w.org\/{rel}","templated":true}]}}