{"id":296357,"date":"2024-01-26T05:21:35","date_gmt":"2024-01-26T11:21:35","guid":{"rendered":"https:\/\/plazajuarez.mx\/?p=296357"},"modified":"2024-01-26T05:21:37","modified_gmt":"2024-01-26T11:21:37","slug":"cierran-convocatoria-para-el-festival-internacional-de-la-imagen-2024","status":"publish","type":"post","link":"https:\/\/plazajuarez.mx\/historico\/cierran-convocatoria-para-el-festival-internacional-de-la-imagen-2024\/","title":{"rendered":"Cierran convocatoria para el Festival Internacional de la Imagen 2024"},"content":{"rendered":"\n<p>La Universidad Aut\u00f3noma del Estado de Hidalgo (UAEH) inform\u00f3 que el pr\u00f3ximo domingo 28 de enero, concluye la convocatoria para el&nbsp; Concurso del Festival Internacional de la Imagen (FINI) 2024, que tiene como eje tem\u00e1tico \u201cMovilidad Sustentable\u201d.&nbsp;<\/p>\n\n\n\n<p>Al respecto, el investigador Yoan Beltr\u00e1n Mart\u00ednez, destac\u00f3 que para la implementaci\u00f3n eficaz de un modelo sustentable se requiere una planeaci\u00f3n urbana adecuada, la cual deber\u00e1 estar acompa\u00f1ada de soluciones multifactoriales, innovadoras y cient\u00edficas para enfrentar la complejidad del tema.&nbsp;<\/p>\n\n\n\n<p>Explic\u00f3 que para garantizar el desplazamiento de un lugar a otro, a trav\u00e9s de medios que no comprometan los recursos naturales para las generaciones futuras ni contaminen el aire, no es suficiente usar veh\u00edculos el\u00e9ctricos, bicicletas, ir a pie o hacer m\u00e1s eficiente el transporte p\u00fablico.&nbsp;<\/p>\n\n\n\n<p>Puntualiz\u00f3 que hoy los problemas de traslado, tanto de mercanc\u00edas como de personas, pueden prevenirse si el dise\u00f1o urbano se aborda desde una mirada interdisciplinaria, para que a trav\u00e9s de las diversas \u00e1reas del conocimiento se plantee el ordenamiento territorial y se distribuya eficientemente el espacio p\u00fablico para conectar los lugares. Esto va a impactar en la vialidad, por ello es necesario pensar c\u00f3mo las personas se van a relacionar con el entorno.<\/p>\n\n\n\n<p>Sentenci\u00f3 que hay lugares en donde no es posible realizar un reordenamiento del territorio porque la mancha urbana ya est\u00e1 definida, sin embargo, apunt\u00f3 que en estos casos se deben tomar en consideraci\u00f3n variables como las pol\u00edticas p\u00fablicas, el sistema de transporte, la postura de la ciudadan\u00eda ante este \u00faltimo, as\u00ed como definir puntualmente el objetivo que se le dar\u00e1 a los proyectos orientados a la pacificaci\u00f3n del tr\u00e1nsito como reorientar los flujos o la creaci\u00f3n de ciclov\u00edas que no sean para un uso meramente l\u00fadico o deportivo, sino que realmente conecten espacios estrat\u00e9gicos.&nbsp;<\/p>\n\n\n\n<p>Cabe mencionar que FINI se llevar\u00e1 a cabo del 18 al 26 de abril, y se divide en cuatro g\u00e9neros de participaci\u00f3n: Fotograf\u00eda, an\u00e1loga o digital; T\u00e9cnicas Alternativas, gr\u00e1fica digital, fotomontaje o collage; Cortometraje, entre 60 segundos y 30 minutos; y Cartel, t\u00e9cnica libre.<\/p>\n\n\n\n<p><\/p>\n","protected":false},"excerpt":{"rendered":"<p>La Universidad Aut\u00f3noma del Estado de Hidalgo (UAEH) inform\u00f3 que el pr\u00f3ximo domingo 28 de enero, concluye la convocatoria para el&nbsp; Concurso del Festival Internacional de la Imagen (FINI) 2024, que tiene como eje tem\u00e1tico \u201cMovilidad Sustentable\u201d.&nbsp; Al respecto, el investigador Yoan Beltr\u00e1n Mart\u00ednez, destac\u00f3 que para la implementaci\u00f3n eficaz de un modelo sustentable se [&hellip;]<\/p>\n","protected":false},"author":93,"featured_media":296358,"comment_status":"closed","ping_status":"closed","sticky":false,"template":"","format":"standard","meta":{"footnotes":""},"categories":[41,59],"tags":[],"class_list":["post-296357","post","type-post","status-publish","format-standard","has-post-thumbnail","hentry","category-arteria-cultural","category-general"],"_links":{"self":[{"href":"https:\/\/plazajuarez.mx\/historico\/wp-json\/wp\/v2\/posts\/296357","targetHints":{"allow":["GET"]}}],"collection":[{"href":"https:\/\/plazajuarez.mx\/historico\/wp-json\/wp\/v2\/posts"}],"about":[{"href":"https:\/\/plazajuarez.mx\/historico\/wp-json\/wp\/v2\/types\/post"}],"author":[{"embeddable":true,"href":"https:\/\/plazajuarez.mx\/historico\/wp-json\/wp\/v2\/users\/93"}],"replies":[{"embeddable":true,"href":"https:\/\/plazajuarez.mx\/historico\/wp-json\/wp\/v2\/comments?post=296357"}],"version-history":[{"count":0,"href":"https:\/\/plazajuarez.mx\/historico\/wp-json\/wp\/v2\/posts\/296357\/revisions"}],"wp:featuredmedia":[{"embeddable":true,"href":"https:\/\/plazajuarez.mx\/historico\/wp-json\/wp\/v2\/media\/296358"}],"wp:attachment":[{"href":"https:\/\/plazajuarez.mx\/historico\/wp-json\/wp\/v2\/media?parent=296357"}],"wp:term":[{"taxonomy":"category","embeddable":true,"href":"https:\/\/plazajuarez.mx\/historico\/wp-json\/wp\/v2\/categories?post=296357"},{"taxonomy":"post_tag","embeddable":true,"href":"https:\/\/plazajuarez.mx\/historico\/wp-json\/wp\/v2\/tags?post=296357"}],"curies":[{"name":"wp","href":"https:\/\/api.w.org\/{rel}","templated":true}]}}