{"id":296354,"date":"2024-01-26T05:20:28","date_gmt":"2024-01-26T11:20:28","guid":{"rendered":"https:\/\/plazajuarez.mx\/?p=296354"},"modified":"2024-01-26T05:20:30","modified_gmt":"2024-01-26T11:20:30","slug":"reforma-constitucional-de-amlo","status":"publish","type":"post","link":"https:\/\/plazajuarez.mx\/historico\/reforma-constitucional-de-amlo\/","title":{"rendered":"REFORMA CONSTITUCIONAL DE AMLO"},"content":{"rendered":"\n<p>Ante la Reforma Constitucional del presidente de la rep\u00fablica Andr\u00e9s Manuel L\u00f3pez Obrador (AMLO), que considera la desaparici\u00f3n de los organismos aut\u00f3nomos, la Confederaci\u00f3n Patronal de la Rep\u00fablica Mexicana (COPARMEX) Hidalgo, consider\u00f3 la propuesta como un retroceso.<\/p>\n\n\n\n<p>El presidente de la confederaci\u00f3n en la entidad, Manuel Batres Campos, se\u00f1al\u00f3 la importancia de considerar el fortalecimiento de los organismos, en lugar de hablar de eliminaci\u00f3n, pues asegur\u00f3 que abonan a defender los derechos humanos.<\/p>\n\n\n\n<p>Dijo, \u201cconsideramos que la discusi\u00f3n central no debe ser la eliminaci\u00f3n de los \u00d3rganos Aut\u00f3nomos y que el Ejecutivo absorba sus funciones, tal como va la propuesta, sino el verdadero debate debe ser a favor de fortalecer su funcionamiento y garantizar su operaci\u00f3n, ya que resulta esencial que puedan desempe\u00f1ar a cabalidad su papel de equilibrio y garantes de los derechos establecidos por la Constituci\u00f3n y las leyes\u201d.<\/p>\n\n\n\n<p>En ese sentido, sentenci\u00f3 que por el momento no existe alguna justificaci\u00f3n jur\u00eddica para eliminar los \u00d3rganos Aut\u00f3nomos, pues apunt\u00f3 que son el contrapeso necesario de cualquier democracia.<\/p>\n\n\n\n<p>Batres Campos indic\u00f3: \u201cestos organismos tienen la misi\u00f3n de defender los derechos fundamentales de todos los ciudadanos y son vitales para la construcci\u00f3n y mantenimiento de un sistema democr\u00e1tico s\u00f3lido. Su funci\u00f3n es preservar la separaci\u00f3n de poderes y evitar la acumulaci\u00f3n de poder en una sola entidad\u201d.<\/p>\n\n\n\n<p>Aclar\u00f3 que la postura del organismo empresarial no es oponerse a su mejoramiento, \u201cdesde Coparmex estaremos atentos a las reformas constitucionales que se presenten el pr\u00f3ximo 5 de febrero, para analizarlas, defender la democracia y el inter\u00e9s de los ciudadanos\u201d.<\/p>\n\n\n\n<p><\/p>\n","protected":false},"excerpt":{"rendered":"<p>Ante la Reforma Constitucional del presidente de la rep\u00fablica Andr\u00e9s Manuel L\u00f3pez Obrador (AMLO), que considera la desaparici\u00f3n de los organismos aut\u00f3nomos, la Confederaci\u00f3n Patronal de la Rep\u00fablica Mexicana (COPARMEX) Hidalgo, consider\u00f3 la propuesta como un retroceso. El presidente de la confederaci\u00f3n en la entidad, Manuel Batres Campos, se\u00f1al\u00f3 la importancia de considerar el fortalecimiento [&hellip;]<\/p>\n","protected":false},"author":93,"featured_media":296355,"comment_status":"closed","ping_status":"closed","sticky":false,"template":"","format":"standard","meta":{"footnotes":""},"categories":[59],"tags":[],"class_list":["post-296354","post","type-post","status-publish","format-standard","has-post-thumbnail","hentry","category-general"],"_links":{"self":[{"href":"https:\/\/plazajuarez.mx\/historico\/wp-json\/wp\/v2\/posts\/296354","targetHints":{"allow":["GET"]}}],"collection":[{"href":"https:\/\/plazajuarez.mx\/historico\/wp-json\/wp\/v2\/posts"}],"about":[{"href":"https:\/\/plazajuarez.mx\/historico\/wp-json\/wp\/v2\/types\/post"}],"author":[{"embeddable":true,"href":"https:\/\/plazajuarez.mx\/historico\/wp-json\/wp\/v2\/users\/93"}],"replies":[{"embeddable":true,"href":"https:\/\/plazajuarez.mx\/historico\/wp-json\/wp\/v2\/comments?post=296354"}],"version-history":[{"count":0,"href":"https:\/\/plazajuarez.mx\/historico\/wp-json\/wp\/v2\/posts\/296354\/revisions"}],"wp:featuredmedia":[{"embeddable":true,"href":"https:\/\/plazajuarez.mx\/historico\/wp-json\/wp\/v2\/media\/296355"}],"wp:attachment":[{"href":"https:\/\/plazajuarez.mx\/historico\/wp-json\/wp\/v2\/media?parent=296354"}],"wp:term":[{"taxonomy":"category","embeddable":true,"href":"https:\/\/plazajuarez.mx\/historico\/wp-json\/wp\/v2\/categories?post=296354"},{"taxonomy":"post_tag","embeddable":true,"href":"https:\/\/plazajuarez.mx\/historico\/wp-json\/wp\/v2\/tags?post=296354"}],"curies":[{"name":"wp","href":"https:\/\/api.w.org\/{rel}","templated":true}]}}