{"id":295790,"date":"2024-01-20T07:02:22","date_gmt":"2024-01-20T13:02:22","guid":{"rendered":"https:\/\/plazajuarez.mx\/?p=295790"},"modified":"2024-01-20T07:02:24","modified_gmt":"2024-01-20T13:02:24","slug":"diputados-aliados-de-arevalo-ganan-la-presidencia-del-congreso-de-guatemala","status":"publish","type":"post","link":"https:\/\/plazajuarez.mx\/historico\/diputados-aliados-de-arevalo-ganan-la-presidencia-del-congreso-de-guatemala\/","title":{"rendered":"Diputados aliados de Ar\u00e9valo ganan la presidencia del Congreso de Guatemala"},"content":{"rendered":"\n<p>Un grupo de diputados de diferentes bloques legislativos de Guatemala eligi\u00f3 este viernes a una nueva junta directiva compuesta por legisladores afines al partido del presidente, Bernardo Ar\u00e9valo de Le\u00f3n.<\/p>\n\n\n\n<p>Sin ninguna planilla de oposici\u00f3n, el diputado Nery Ramos, del partido Azul y exjefe de la Polic\u00eda Nacional Civil (PNC), fue elegido como nuevo presidente del Congreso para el periodo 2024-2025.<\/p>\n\n\n\n<p>Ramos recibi\u00f3 el respaldo del Movimiento Semilla, partido de Gobierno, y de m\u00e1s de 100 diputados que se unificaron para ganar la junta directiva.<\/p>\n\n\n\n<p>Esta elecci\u00f3n se realiz\u00f3 ya que la Corte de Constitucionalidad, m\u00e1ximo tribunal del pa\u00eds, orden\u00f3 repetir la realizada el pasado 14 de enero porque la junta que hab\u00eda ganado ten\u00eda en sus filas a diputados que fueron declarados como independientes y eso imposibilita que pudieran tener puestos directivos en el Legislativo.<\/p>\n\n\n\n<p>Inicialmente, la presidencia del Congreso hab\u00eda sido ganada por Samuel P\u00e9rez, diputado del partido de Ar\u00e9valo de Le\u00f3n; sin embargo debido a problemas legales del Movimiento Semilla tuvo que desistir de su puesto.<\/p>\n\n\n\n<p>&#8220;No voy a defraudarlos, tenga la fe y la confianza que este espacio ser\u00e1 honrado con trabajo y servicio al pueblo&#8221;, declar\u00f3 Ramos.<\/p>\n\n\n\n<p>&#8220;El futuro de la pol\u00edtica guatemalteca se juega en este recinto, los diputados debemos hacer las cosas apegados a la ley y ejercer nuestro poder en favor de la gente&#8221;, agreg\u00f3 el nuevo presidente del Legislativo guatemalteco.<\/p>\n\n\n\n<p>El resto de la junta directiva est\u00e1 conformada por el primer vicepresidente, Darwin Lucas, de la Unidad Nacional de la Esperanza, el segundo vicepresidente, C\u00e9sar Am\u00e9zquita de Viva, y el tercer vicepresidente, Nery Rodas de Cabal.<\/p>\n\n\n\n<p>Tambi\u00e9n est\u00e1 integrada por los secretarios, Karina Paz de Vos, Ra\u00fal Sol\u00f3rzano, de la Unidad Nacional de la Esperanza, Juan Carlos Rivera de Victoria y Sonia Guti\u00e9rrez de Winaq.<\/p>\n\n\n\n<p>Ar\u00e9valo de Le\u00f3n asumi\u00f3 la presidencia el pasado 14 de enero luego de pasar una in\u00e9dita y tensa transici\u00f3n de mando, debido a los intentos del Ministerio P\u00fablico (Fiscal\u00eda) por evitar su investidura.<\/p>\n\n\n\n<p>De acuerdo con diversos expertos, el nuevo presidente de Guatemala necesitar\u00e1 mantener alianzas en el Congreso para tener condiciones de gobernabilidad y cumplir sus promesas anticorrupci\u00f3n.<\/p>\n","protected":false},"excerpt":{"rendered":"<p>Un grupo de diputados de diferentes bloques legislativos de Guatemala eligi\u00f3 este viernes a una nueva junta directiva compuesta por legisladores afines al partido del presidente, Bernardo Ar\u00e9valo de Le\u00f3n. Sin ninguna planilla de oposici\u00f3n, el diputado Nery Ramos, del partido Azul y exjefe de la Polic\u00eda Nacional Civil (PNC), fue elegido como nuevo presidente [&hellip;]<\/p>\n","protected":false},"author":80,"featured_media":295791,"comment_status":"closed","ping_status":"closed","sticky":false,"template":"","format":"standard","meta":{"footnotes":""},"categories":[31],"tags":[],"class_list":["post-295790","post","type-post","status-publish","format-standard","has-post-thumbnail","hentry","category-orbe"],"_links":{"self":[{"href":"https:\/\/plazajuarez.mx\/historico\/wp-json\/wp\/v2\/posts\/295790","targetHints":{"allow":["GET"]}}],"collection":[{"href":"https:\/\/plazajuarez.mx\/historico\/wp-json\/wp\/v2\/posts"}],"about":[{"href":"https:\/\/plazajuarez.mx\/historico\/wp-json\/wp\/v2\/types\/post"}],"author":[{"embeddable":true,"href":"https:\/\/plazajuarez.mx\/historico\/wp-json\/wp\/v2\/users\/80"}],"replies":[{"embeddable":true,"href":"https:\/\/plazajuarez.mx\/historico\/wp-json\/wp\/v2\/comments?post=295790"}],"version-history":[{"count":0,"href":"https:\/\/plazajuarez.mx\/historico\/wp-json\/wp\/v2\/posts\/295790\/revisions"}],"wp:featuredmedia":[{"embeddable":true,"href":"https:\/\/plazajuarez.mx\/historico\/wp-json\/wp\/v2\/media\/295791"}],"wp:attachment":[{"href":"https:\/\/plazajuarez.mx\/historico\/wp-json\/wp\/v2\/media?parent=295790"}],"wp:term":[{"taxonomy":"category","embeddable":true,"href":"https:\/\/plazajuarez.mx\/historico\/wp-json\/wp\/v2\/categories?post=295790"},{"taxonomy":"post_tag","embeddable":true,"href":"https:\/\/plazajuarez.mx\/historico\/wp-json\/wp\/v2\/tags?post=295790"}],"curies":[{"name":"wp","href":"https:\/\/api.w.org\/{rel}","templated":true}]}}