{"id":29555,"date":"2016-10-05T10:37:53","date_gmt":"2016-10-05T10:37:53","guid":{"rendered":"http:\/\/plazajuarez.mx\/index\/index.php\/2016\/10\/05\/ajuste-de-banxico-reflejo-de-mal-desempeno-de-economia\/"},"modified":"2016-10-05T10:37:53","modified_gmt":"2016-10-05T10:37:53","slug":"ajuste-de-banxico-reflejo-de-mal-desempeno-de-economia","status":"publish","type":"post","link":"https:\/\/plazajuarez.mx\/historico\/ajuste-de-banxico-reflejo-de-mal-desempeno-de-economia\/","title":{"rendered":"\u201cAjuste de Banxico, reflejo de mal desempe\u00f1o de econom\u00eda\u201d"},"content":{"rendered":"<p>El balance de riesgos del pa\u00eds se deterior\u00f3 muy r\u00e1pido en un a\u00f1o, ante eventos de incertidumbre y volatilidad externos, donde destacan las pr\u00f3ximas elecciones presidenciales en EU, precios del petr\u00f3leo y el proceso de alza de tasas de inter\u00e9s por parte la Reserva Federal de EU<\/p>\n<p>  <!--more-->  <\/p>\n<p>\u201cHoy en d\u00eda, el pa\u00eds es muy vulnerable al riesgo de que Trump pueda convertirse en presidente de EU y materialice todas sus promesas de campa\u00f1a, principalmente en temas de comercio e inmigraci\u00f3n y la probabilidad de que se concrete es alta. Ello elevar\u00eda el riesgo pa\u00eds y provocar\u00eda mucha m\u00e1s presi\u00f3n al peso a la que hemos observado hasta ahora\u201d, destac\u00f3 la firma.<br \/>El ajuste de 50 puntos base realizado por el Banco de M\u00e9xico en su tasa de referencia la semana pasada no s\u00f3lo busc\u00f3 evitar que el impacto de la fuerte depreciaci\u00f3n del peso frente al d\u00f3lar se reflejara en presiones inflacionarias, sino tambi\u00e9n es reflejo de que la econom\u00eda del pa\u00eds no tiene un buen desempe\u00f1o, dijo CiBanco.<br \/>\u201cIndependientemente de si la medida de Banxico fue adecuada o si tuvo el efecto deseado en el tipo de cambio, al final de cuentas, no es una buena noticia, ya que refuerza la percepci\u00f3n que las cosas en el pa\u00eds no est\u00e1n marchando de forma \u00f3ptima\u201d, dijo CiBanco.<br \/>En un comentario sobre el riesgo pa\u00eds y el tipo de cambio, la firma destac\u00f3 que los niveles observados de tipo de cambio en las \u00faltimas semanas no s\u00f3lo son explicados por factores externos, sino que han sido magnificados por la percepci\u00f3n de deterioro en los fundamentales de la econom\u00eda mexicana.<br \/>Lo anterior, a\u00f1adi\u00f3 CiBanco, ha provocado una baja en las expectativas de que se recupere el valor de la moneda cuando la coyuntura internacional sea m\u00e1s favorable.<br \/>\u201cAl deterioro de fundamentos nos referimos a la amenaza de baja de calificaci\u00f3n de la deuda soberana por parte de dos calificadoras Standard and Poor\u00b4s y Moody&#8217;s; la preocupaci\u00f3n por el balance financiero de Pemex as\u00ed como el bajo crecimiento econ\u00f3mico\u201d, resalt\u00f3 la firma.<\/p>\n","protected":false},"excerpt":{"rendered":"<p>El balance de riesgos del pa\u00eds se deterior\u00f3 muy r\u00e1pido en un a\u00f1o, ante eventos de incertidumbre y volatilidad externos, donde destacan las pr\u00f3ximas elecciones presidenciales en EU, precios del petr\u00f3leo y el proceso de alza de tasas de inter\u00e9s por parte la Reserva Federal de EU<\/p>\n","protected":false},"author":93,"featured_media":0,"comment_status":"open","ping_status":"open","sticky":false,"template":"","format":"standard","meta":{"footnotes":""},"categories":[36],"tags":[],"class_list":["post-29555","post","type-post","status-publish","format-standard","hentry","category-nacion"],"_links":{"self":[{"href":"https:\/\/plazajuarez.mx\/historico\/wp-json\/wp\/v2\/posts\/29555","targetHints":{"allow":["GET"]}}],"collection":[{"href":"https:\/\/plazajuarez.mx\/historico\/wp-json\/wp\/v2\/posts"}],"about":[{"href":"https:\/\/plazajuarez.mx\/historico\/wp-json\/wp\/v2\/types\/post"}],"author":[{"embeddable":true,"href":"https:\/\/plazajuarez.mx\/historico\/wp-json\/wp\/v2\/users\/93"}],"replies":[{"embeddable":true,"href":"https:\/\/plazajuarez.mx\/historico\/wp-json\/wp\/v2\/comments?post=29555"}],"version-history":[{"count":0,"href":"https:\/\/plazajuarez.mx\/historico\/wp-json\/wp\/v2\/posts\/29555\/revisions"}],"wp:attachment":[{"href":"https:\/\/plazajuarez.mx\/historico\/wp-json\/wp\/v2\/media?parent=29555"}],"wp:term":[{"taxonomy":"category","embeddable":true,"href":"https:\/\/plazajuarez.mx\/historico\/wp-json\/wp\/v2\/categories?post=29555"},{"taxonomy":"post_tag","embeddable":true,"href":"https:\/\/plazajuarez.mx\/historico\/wp-json\/wp\/v2\/tags?post=29555"}],"curies":[{"name":"wp","href":"https:\/\/api.w.org\/{rel}","templated":true}]}}