{"id":29553,"date":"2016-10-05T10:37:18","date_gmt":"2016-10-05T10:37:18","guid":{"rendered":"http:\/\/plazajuarez.mx\/index\/index.php\/2016\/10\/05\/inconformes-con-acuerdos-entre-snte-y-segob\/"},"modified":"2016-10-05T10:37:18","modified_gmt":"2016-10-05T10:37:18","slug":"inconformes-con-acuerdos-entre-snte-y-segob","status":"publish","type":"post","link":"https:\/\/plazajuarez.mx\/historico\/inconformes-con-acuerdos-entre-snte-y-segob\/","title":{"rendered":"Inconformes con acuerdos entre SNTE y Segob"},"content":{"rendered":"<p>Piden a SCJN atraer amparo <\/p>\n<p>\u2022\u00a0\u00a0\u00a0 Se otorgaron diversas prerrogativas<\/p>\n<p>  <!--more-->  <\/p>\n<p>La asociaci\u00f3n civil Aprender Primero solicit\u00f3 a la Suprema Corte de Justicia de la Naci\u00f3n (SCJN) ejerza su facultad de atracci\u00f3n para conocer del amparo que present\u00f3 contra los acuerdos firmados por la Secretar\u00eda de Gobernaci\u00f3n y el gobernador de Oaxaca con la secci\u00f3n XXII del Sindicato Nacional de Trabajadores de la Educaci\u00f3n (SNTE), en los cuales les otorgaron diversas prerrogativas.<br \/>Como la asociaci\u00f3n civil no est\u00e1 legitimada para pedir el ejercicio de la facultad de atracci\u00f3n, alguno de los ministros tendr\u00eda que hacer suya la solicitud.<br \/>El 16 de abril de 2015, Aprender Primero present\u00f3 amparo en contra de diversos acuerdos entre el gobierno federal a trav\u00e9s de la Secretar\u00eda de Gobernaci\u00f3n; as\u00ed como el gobierno de Oaxaca y la secci\u00f3n XXII del SNTE.<br \/>De acuerdo con el amparo 700\/2015 del juzgado tercero de distrito en materia administrativa del primer circuito, con estos acuerdos le otorgaron diversas prerrogativas a la mencionada secci\u00f3n, entre las que destacan:<br \/>-El otorgamiento de plazas docentes; el derecho a no ser despedido en raz\u00f3n de un mal resultado en las evaluaciones docentes; la conservaci\u00f3n de los derechos adquiridos durante la carrera magisterial;<br \/>Derecho a obtener incentivos de car\u00e1cter econ\u00f3mico, promociones y dem\u00e1s reconocimientos por buen desempe\u00f1o; la no aplicaci\u00f3n retroactiva de la ley, respecto a maestros que cuenten con derechos adquiridos con anterioridad al once de septiembre de dos mil trece; y El derecho a no ser removido o cambiado en las funciones que ven\u00edan realizando al once de septiembre de dos mi trece.<br \/>El pasado 15 de julio de 2016, el juzgado estableci\u00f3 \u201cque la firma de los compromisos mencionados, se traduce en una violaci\u00f3n directa al derecho a la educaci\u00f3n, el cual tiene fines claramente establecidos tanto en el art\u00edculo tercero constitucional como en diversas instancias internacionales que le imponen al Estado y a los particulares diversas obligaciones consistentes en dotar de los materiales y m\u00e9todos educativos, la organizaci\u00f3n escolar, la infraestructura educativa, as\u00ed como la idoneidad de los docentes y los directivos que garanticen el m\u00e1ximo logro de aprendizaje de los educandos&#8221;.<\/p>\n","protected":false},"excerpt":{"rendered":"<p>Piden a SCJN atraer amparo \u2022\u00a0\u00a0\u00a0 Se otorgaron diversas prerrogativas<\/p>\n","protected":false},"author":93,"featured_media":0,"comment_status":"open","ping_status":"open","sticky":false,"template":"","format":"standard","meta":{"footnotes":""},"categories":[36],"tags":[],"class_list":["post-29553","post","type-post","status-publish","format-standard","hentry","category-nacion"],"_links":{"self":[{"href":"https:\/\/plazajuarez.mx\/historico\/wp-json\/wp\/v2\/posts\/29553","targetHints":{"allow":["GET"]}}],"collection":[{"href":"https:\/\/plazajuarez.mx\/historico\/wp-json\/wp\/v2\/posts"}],"about":[{"href":"https:\/\/plazajuarez.mx\/historico\/wp-json\/wp\/v2\/types\/post"}],"author":[{"embeddable":true,"href":"https:\/\/plazajuarez.mx\/historico\/wp-json\/wp\/v2\/users\/93"}],"replies":[{"embeddable":true,"href":"https:\/\/plazajuarez.mx\/historico\/wp-json\/wp\/v2\/comments?post=29553"}],"version-history":[{"count":0,"href":"https:\/\/plazajuarez.mx\/historico\/wp-json\/wp\/v2\/posts\/29553\/revisions"}],"wp:attachment":[{"href":"https:\/\/plazajuarez.mx\/historico\/wp-json\/wp\/v2\/media?parent=29553"}],"wp:term":[{"taxonomy":"category","embeddable":true,"href":"https:\/\/plazajuarez.mx\/historico\/wp-json\/wp\/v2\/categories?post=29553"},{"taxonomy":"post_tag","embeddable":true,"href":"https:\/\/plazajuarez.mx\/historico\/wp-json\/wp\/v2\/tags?post=29553"}],"curies":[{"name":"wp","href":"https:\/\/api.w.org\/{rel}","templated":true}]}}