{"id":295486,"date":"2024-01-18T04:52:00","date_gmt":"2024-01-18T10:52:00","guid":{"rendered":"https:\/\/plazajuarez.mx\/?p=295486"},"modified":"2024-01-17T23:57:21","modified_gmt":"2024-01-18T05:57:21","slug":"la-academia-en-tiempos-de-la-4t-parte-i","status":"publish","type":"post","link":"https:\/\/plazajuarez.mx\/historico\/la-academia-en-tiempos-de-la-4t-parte-i\/","title":{"rendered":"La Academia en tiempos de la 4T (parte I)"},"content":{"rendered":"\n<h2 class=\"wp-block-heading\">Agenda Educativa<\/h2>\n\n\n\n<p>La reciente designaci\u00f3n del nuevo fiscal de la Ciudad de M\u00e9xico y la expedici\u00f3n r\u00e1pida del t\u00edtulo de licenciado en derecho por parte del Centro Universitario C\u00faspide han puesto en el centro de la opini\u00f3n p\u00fablica el \u00e1mbito acad\u00e9mico y las universidades.<\/p>\n\n\n\n<p>En los tiempos de la 4T y de acuerdo con las creencias y declaraciones de AMLO en \u201clas ma\u00f1aneras\u201d, la honestidad es m\u00e1s relevante en el gobierno que los t\u00edtulos universitarios. Los principios morales, como &#8220;no robar, no mentir, no traicionar al pueblo&#8221; y &#8220;amor con amor se paga&#8221;, pretenden ser principios de la pol\u00edtica p\u00fablica. Sin embargo, estos principios no reflejan una moralidad p\u00fablica consecuente, sino lisonja y esl\u00f3ganes del partido pol\u00edtico de Morena.<\/p>\n\n\n\n<p>En la \u00e9poca de la 4T y AMLO como su l\u00edder pol\u00edtico, se valora m\u00e1s al &#8220;pueblo bueno&#8221; que el m\u00e9rito y la trayectoria acad\u00e9mica, y los t\u00edtulos universitarios parecen de poca importancia, as\u00ed como la forma en que se obtienen y de d\u00f3nde se obtienen.<\/p>\n\n\n\n<p>Los t\u00edtulos universitarios y el mundo acad\u00e9mico, que representan el trabajo intelectual, la b\u00fasqueda de la verdad, el compromiso y la \u00e9tica, est\u00e1n fuera del sistema de creencias de AMLO y de la \u00e9poca actual. En cambio, parece que la academia y la universidad son consideradas moralmente como guaridas llenas de bandidos (por usar una expresi\u00f3n de Arthur Schopenhauer) que vendieron su alma en el contexto del neoliberalismo, volvi\u00e9ndose elitistas, conservadoras y corruptas.<\/p>\n\n\n\n<p>\u00bfC\u00f3mo se construy\u00f3 esta creencia pol\u00edtica en contra de la academia y las universidades? Existen antecedentes hist\u00f3ricos que pueden recordarse en estos tiempos de la 4T. Durante las precampa\u00f1as, AMLO visit\u00f3 numerosas universidades p\u00fablicas y privadas generando un apoyo entusiasta por parte de estudiantes y docentes. Este respaldo, especialmente en temas de financiamiento, parec\u00eda indicar un compromiso s\u00f3lido hacia la educaci\u00f3n superior. Sin embargo, ese respaldo parec\u00eda que era solo para ganar simpat\u00edas y voluntades.<\/p>\n\n\n\n<p>En apenas unos meses de ejercicio del poder, AMLO distanci\u00f3 su gobierno de las universidades p\u00fablicas por varias razones. En primer lugar, porque consideraba que las universidades no representaban al pueblo, es decir, no reflejaban una mayor\u00eda y su gobierno estaba pensado para beneficiar a la mayor\u00eda hist\u00f3ricamente desfavorecida. Esto se alineaba con el car\u00e1cter populista de la 4T y la necesidad de una educaci\u00f3n superior diferente que representar\u00edan las Universidades del Bienestar Benito Ju\u00e1rez Garc\u00eda.<\/p>\n\n\n\n<p>Una segunda raz\u00f3n, vinculada con la anterior, es que las universidades, especialmente las p\u00fablicas, han sido espacios de cr\u00edtica y disentimiento con las acciones del gobierno en turno, y el gobierno de AMLO no es la excepci\u00f3n. Aunque la cr\u00edtica no es ajena a las universidades y es parte intr\u00ednseca de su funci\u00f3n, AMLO posee un estilo autoritario en la forma de gobernar; es decir, las cosas se hacen a su manera, incluso cuando pueda estar equivocado.<\/p>\n\n\n\n<p>Dos libros abordan con gran claridad el mundo acad\u00e9mico, la problem\u00e1tica universitaria y las pol\u00edticas educativas en tiempos de la 4T: <em>La regresi\u00f3n educativa (<\/em>1921<em>)<\/em>, obra coordinada por Gilberto Guevara; y, <em>An\u00e1lisis de la pol\u00edtica en educaci\u00f3n superior bajo el gobierno de AMLO (2021)<\/em>, obra coordinada por Pedro Flores Crespo y quien escribe estas l\u00edneas.<\/p>\n\n\n\n<p>X: @cesar_garcia131<\/p>\n","protected":false},"excerpt":{"rendered":"<p>Agenda Educativa La reciente designaci\u00f3n del nuevo fiscal de la Ciudad de M\u00e9xico y la expedici\u00f3n r\u00e1pida del t\u00edtulo de licenciado en derecho por parte del Centro Universitario C\u00faspide han puesto en el centro de la opini\u00f3n p\u00fablica el \u00e1mbito acad\u00e9mico y las universidades. En los tiempos de la 4T y de acuerdo con las [&hellip;]<\/p>\n","protected":false},"author":114,"featured_media":272473,"comment_status":"closed","ping_status":"closed","sticky":false,"template":"","format":"standard","meta":{"footnotes":""},"categories":[2587,42],"tags":[],"class_list":["post-295486","post","type-post","status-publish","format-standard","has-post-thumbnail","hentry","category-dr-cesar-garcia","category-nuestrapalabra"],"_links":{"self":[{"href":"https:\/\/plazajuarez.mx\/historico\/wp-json\/wp\/v2\/posts\/295486","targetHints":{"allow":["GET"]}}],"collection":[{"href":"https:\/\/plazajuarez.mx\/historico\/wp-json\/wp\/v2\/posts"}],"about":[{"href":"https:\/\/plazajuarez.mx\/historico\/wp-json\/wp\/v2\/types\/post"}],"author":[{"embeddable":true,"href":"https:\/\/plazajuarez.mx\/historico\/wp-json\/wp\/v2\/users\/114"}],"replies":[{"embeddable":true,"href":"https:\/\/plazajuarez.mx\/historico\/wp-json\/wp\/v2\/comments?post=295486"}],"version-history":[{"count":0,"href":"https:\/\/plazajuarez.mx\/historico\/wp-json\/wp\/v2\/posts\/295486\/revisions"}],"wp:featuredmedia":[{"embeddable":true,"href":"https:\/\/plazajuarez.mx\/historico\/wp-json\/wp\/v2\/media\/272473"}],"wp:attachment":[{"href":"https:\/\/plazajuarez.mx\/historico\/wp-json\/wp\/v2\/media?parent=295486"}],"wp:term":[{"taxonomy":"category","embeddable":true,"href":"https:\/\/plazajuarez.mx\/historico\/wp-json\/wp\/v2\/categories?post=295486"},{"taxonomy":"post_tag","embeddable":true,"href":"https:\/\/plazajuarez.mx\/historico\/wp-json\/wp\/v2\/tags?post=295486"}],"curies":[{"name":"wp","href":"https:\/\/api.w.org\/{rel}","templated":true}]}}