{"id":295467,"date":"2024-01-18T05:37:00","date_gmt":"2024-01-18T11:37:00","guid":{"rendered":"https:\/\/plazajuarez.mx\/?p=295467"},"modified":"2024-01-17T23:38:49","modified_gmt":"2024-01-18T05:38:49","slug":"no-habra-aumento-en-precio-de-la-tortilla-por-el-momento","status":"publish","type":"post","link":"https:\/\/plazajuarez.mx\/historico\/no-habra-aumento-en-precio-de-la-tortilla-por-el-momento\/","title":{"rendered":"No habr\u00e1 aumento en precio de la tortilla, por el momento"},"content":{"rendered":"\n<p><strong> TULANCINGO<\/strong>.- El precio de la masa y la tortilla en Tulancingo y la regi\u00f3n se mantendr\u00e1 tal cual cerr\u00f3 el 2023, por el momento, aseguraron productores miembros de la Uni\u00f3n de Industriales de la Masa y la Tortilla de la Regi\u00f3n Tulancingo.<\/p>\n\n\n\n<p>Los consultados reconocieron que se han mantenido en comunicaci\u00f3n para tomar esta y otras decisiones, ya que no ha habido una reuni\u00f3n formal, en lo que va del a\u00f1o.<\/p>\n\n\n\n<p>De tal forma, el precio del kilo de la tortilla se mantiene, por lo menos en algunos meses, en 22 pesos.<\/p>\n\n\n\n<p>En el 2022 se registraron dos aumentos en el precio del alimento; el primero fue en marzo, cuando increment\u00f3 de 16 a 18 pesos por kilo, y el segundo durante el mes de agosto, llegando a los 20 pesos.<\/p>\n\n\n\n<p>Los productores de tortillas en la regi\u00f3n Tulancingo coincidieron que el costo de los insumos, como gas, ma\u00edz, combustibles, refacciones, entre otros, han registrado aumentos importantes.<\/p>\n\n\n\n<p>Lo anterior, aseguraron, ha complicado mantener el precio de su producto, pero tras revisiones en el costo de producci\u00f3n y con la intenci\u00f3n de apoyar la econom\u00eda de la poblaci\u00f3n, determinaron no incrementar por el momento el costo al p\u00fablico del kilo de tortilla.<\/p>\n\n\n\n<p>Aseveraron tambi\u00e9n que la calidad de los insumos no bajar\u00e1, sobre todo el ma\u00edz, para mantener el precio actual.<\/p>\n\n\n\n<p>Por lo que est\u00e1n revisando constantemente sus costos de producci\u00f3n y en los casos que sea necesario negociar\u00e1n con sus proveedores, para que a su vez estos mantengan sus respectivos costos a sus productos.<\/p>\n\n\n\n<p>Adem\u00e1s de mantener en 22 pesos el kilo de tortilla por los pr\u00f3ximos meses, tambi\u00e9n mantendr\u00e1n en el mismo precio el kilo de masa para tamal, mientras que el kilo de masa se mantiene por el momento en 20 pesos.<\/p>\n\n\n\n<p>Los integrantes de la Uni\u00f3n, que agrupa a productores de los municipios de Acatl\u00e1n, Cuautepec, Santiago Tulantepec, Singuilucan y Tulancingo, reconocieron que algunos de sus agremiados no han respetado el acuerdo respecto al precio al p\u00fablico del kilo de tortilla.<\/p>\n","protected":false},"excerpt":{"rendered":"<p>TULANCINGO.- El precio de la masa y la tortilla en Tulancingo y la regi\u00f3n se mantendr\u00e1 tal cual cerr\u00f3 el 2023, por el momento, aseguraron productores miembros de la Uni\u00f3n de Industriales de la Masa y la Tortilla de la Regi\u00f3n Tulancingo. Los consultados reconocieron que se han mantenido en comunicaci\u00f3n para tomar esta y [&hellip;]<\/p>\n","protected":false},"author":70,"featured_media":295468,"comment_status":"closed","ping_status":"closed","sticky":false,"template":"","format":"standard","meta":{"footnotes":""},"categories":[40],"tags":[],"class_list":["post-295467","post","type-post","status-publish","format-standard","has-post-thumbnail","hentry","category-region"],"_links":{"self":[{"href":"https:\/\/plazajuarez.mx\/historico\/wp-json\/wp\/v2\/posts\/295467","targetHints":{"allow":["GET"]}}],"collection":[{"href":"https:\/\/plazajuarez.mx\/historico\/wp-json\/wp\/v2\/posts"}],"about":[{"href":"https:\/\/plazajuarez.mx\/historico\/wp-json\/wp\/v2\/types\/post"}],"author":[{"embeddable":true,"href":"https:\/\/plazajuarez.mx\/historico\/wp-json\/wp\/v2\/users\/70"}],"replies":[{"embeddable":true,"href":"https:\/\/plazajuarez.mx\/historico\/wp-json\/wp\/v2\/comments?post=295467"}],"version-history":[{"count":0,"href":"https:\/\/plazajuarez.mx\/historico\/wp-json\/wp\/v2\/posts\/295467\/revisions"}],"wp:featuredmedia":[{"embeddable":true,"href":"https:\/\/plazajuarez.mx\/historico\/wp-json\/wp\/v2\/media\/295468"}],"wp:attachment":[{"href":"https:\/\/plazajuarez.mx\/historico\/wp-json\/wp\/v2\/media?parent=295467"}],"wp:term":[{"taxonomy":"category","embeddable":true,"href":"https:\/\/plazajuarez.mx\/historico\/wp-json\/wp\/v2\/categories?post=295467"},{"taxonomy":"post_tag","embeddable":true,"href":"https:\/\/plazajuarez.mx\/historico\/wp-json\/wp\/v2\/tags?post=295467"}],"curies":[{"name":"wp","href":"https:\/\/api.w.org\/{rel}","templated":true}]}}