{"id":295194,"date":"2024-01-15T05:55:10","date_gmt":"2024-01-15T11:55:10","guid":{"rendered":"https:\/\/plazajuarez.mx\/?p=295194"},"modified":"2024-01-15T05:55:12","modified_gmt":"2024-01-15T11:55:12","slug":"sheinbaum-invito-a-la-poblacion-a-formar-comites-de-defensa-de-la-cuarta-transformacion","status":"publish","type":"post","link":"https:\/\/plazajuarez.mx\/historico\/sheinbaum-invito-a-la-poblacion-a-formar-comites-de-defensa-de-la-cuarta-transformacion\/","title":{"rendered":"Sheinbaum invit\u00f3 a la poblaci\u00f3n a formar comit\u00e9s de defensa de la cuarta transformaci\u00f3n"},"content":{"rendered":"\n<p>La precandidata \u00fanica de los partidos Morena, del Trabajo (PT) y Verde Ecologista de M\u00e9xico (PVEM),&nbsp; a la Presidencia de la Rep\u00fablica, Claudia Sheinbaum Pardo, visit\u00f3 los municipios de Tulancingo y Mineral de la Reforma, como parte de su cierre de precampa\u00f1a.<\/p>\n\n\n\n<p>Al inicio del evento, el coordinador de enlace de organizaci\u00f3n y territorial, Ricardo Monreal \u00c1vila, puntualiz\u00f3 que despu\u00e9s de 93 a\u00f1os, la alternancia se vive en la entidad, por lo que invit\u00f3 a \u201cseguir haciendo historia\u201d.<\/p>\n\n\n\n<p>Record\u00f3 que en el 2024, se cumplen 200 a\u00f1os de M\u00e9xico como rep\u00fablica independiente, y durante ese tiempo ha sido gobernado por hombres, \u201cahora tendremos en la rep\u00fablica una mujer gobernando\u201d.<\/p>\n\n\n\n<p>\u201cNos faltan cuatro d\u00edas para concluir la precampa\u00f1a desde el 20 de noviembre, vamos a seguir con la transformaci\u00f3n y transici\u00f3n pol\u00edtica, campesinos, productores, migrantes , maestros, pueblo, vamos a ganar\u201d, enfatiz\u00f3.<\/p>\n\n\n\n<p>En su oportunidad, la precandidata \u00fanica, Claudia Sheinbaum Pardo, enfatiz\u00f3 que el 2024 representa un cambio hist\u00f3rico, en la que dijo, solo hay dos opciones: \u201cuna de ellas seguir con la transformaci\u00f3n, y la otra, regresar al pasado de corrupci\u00f3n y privilegios\u201d.<\/p>\n\n\n\n<p>Agreg\u00f3, \u201ceste a\u00f1o tenemos una labor hist\u00f3rica, un encuentro con la historia, continuar con la transformaci\u00f3n o regresar al pasado\u201d.<\/p>\n\n\n\n<p>Asegur\u00f3 que se encuentra arriba en las encuestas, sin embargo, tiene la responsabilidad del Plan C, que significa \u201caqu\u00ed en Hidalgo tenemos que ganar la presidencia de la rep\u00fablica, las dos senadur\u00edas,todas las diputaciones federales, todas las diputaciones locales y todas las presidencias municipales\u201d<\/p>\n\n\n\n<p>Precis\u00f3 que para ello es necesaria la unidad y organizaci\u00f3n, por lo que convoc\u00f3 a los militantes y simpatizantes de los tres partidos que representa, a formar comit\u00e9s de defensa de la transformaci\u00f3n, con el prop\u00f3sito de salir a tocar \u201ccasa por casa\u201d.<\/p>\n\n\n\n<p>Cabe destacar que en el evento estuvieron presentes el l\u00edder estatal de Morena, Marco Antonio Rico Moreno, y tambi\u00e9n estuvo en el p\u00fablico el gobernador del estado, Julio Menchaca Salazar.<\/p>\n\n\n\n<p>Adem\u00e1s, la acompa\u00f1aron Simey Olvera y Cuauht\u00e9moc Ochoa, candidatos a la senadur\u00eda,&nbsp; en primera y segunda f\u00f3rmula, respectivamente, quienes recibieron en abucheo de los asistentes; quienes gritaron durante todo el evento: \u201cFuera los Sosa\u201d.<\/p>\n","protected":false},"excerpt":{"rendered":"<p>La precandidata \u00fanica de los partidos Morena, del Trabajo (PT) y Verde Ecologista de M\u00e9xico (PVEM),&nbsp; a la Presidencia de la Rep\u00fablica, Claudia Sheinbaum Pardo, visit\u00f3 los municipios de Tulancingo y Mineral de la Reforma, como parte de su cierre de precampa\u00f1a. Al inicio del evento, el coordinador de enlace de organizaci\u00f3n y territorial, Ricardo [&hellip;]<\/p>\n","protected":false},"author":73,"featured_media":295195,"comment_status":"closed","ping_status":"closed","sticky":false,"template":"","format":"standard","meta":{"footnotes":""},"categories":[15,59],"tags":[],"class_list":["post-295194","post","type-post","status-publish","format-standard","has-post-thumbnail","hentry","category-destacadas","category-general"],"_links":{"self":[{"href":"https:\/\/plazajuarez.mx\/historico\/wp-json\/wp\/v2\/posts\/295194","targetHints":{"allow":["GET"]}}],"collection":[{"href":"https:\/\/plazajuarez.mx\/historico\/wp-json\/wp\/v2\/posts"}],"about":[{"href":"https:\/\/plazajuarez.mx\/historico\/wp-json\/wp\/v2\/types\/post"}],"author":[{"embeddable":true,"href":"https:\/\/plazajuarez.mx\/historico\/wp-json\/wp\/v2\/users\/73"}],"replies":[{"embeddable":true,"href":"https:\/\/plazajuarez.mx\/historico\/wp-json\/wp\/v2\/comments?post=295194"}],"version-history":[{"count":0,"href":"https:\/\/plazajuarez.mx\/historico\/wp-json\/wp\/v2\/posts\/295194\/revisions"}],"wp:featuredmedia":[{"embeddable":true,"href":"https:\/\/plazajuarez.mx\/historico\/wp-json\/wp\/v2\/media\/295195"}],"wp:attachment":[{"href":"https:\/\/plazajuarez.mx\/historico\/wp-json\/wp\/v2\/media?parent=295194"}],"wp:term":[{"taxonomy":"category","embeddable":true,"href":"https:\/\/plazajuarez.mx\/historico\/wp-json\/wp\/v2\/categories?post=295194"},{"taxonomy":"post_tag","embeddable":true,"href":"https:\/\/plazajuarez.mx\/historico\/wp-json\/wp\/v2\/tags?post=295194"}],"curies":[{"name":"wp","href":"https:\/\/api.w.org\/{rel}","templated":true}]}}