{"id":295192,"date":"2024-01-15T05:52:38","date_gmt":"2024-01-15T11:52:38","guid":{"rendered":"https:\/\/plazajuarez.mx\/?p=295192"},"modified":"2024-01-15T05:52:41","modified_gmt":"2024-01-15T11:52:41","slug":"por-que-no-pasa-nada","status":"publish","type":"post","link":"https:\/\/plazajuarez.mx\/historico\/por-que-no-pasa-nada\/","title":{"rendered":"\u00bfPOR QU\u00c9 NO PASA NADA?"},"content":{"rendered":"\n<h2 class=\"wp-block-heading\">FAMILIA POL\u00cdTICA<\/h2>\n\n\n\n<p><strong>\u201cLos hombres se parecen m\u00e1s&nbsp;<\/strong><\/p>\n\n\n\n<p><strong>a su tiempo que a sus padres\u201d<\/strong><\/p>\n\n\n\n<p><strong>Marc Bloch<\/strong><\/p>\n\n\n\n<p>En el M\u00e9xico que nos toca vivir, existen serias interrogantes, algunas profundamente existenciales, otras puramente coyunturales, algunas m\u00e1s, producidas por nuestras deficiencias formativas e informativas.&nbsp;<\/p>\n\n\n\n<p>Me explico: \u00bfPor qu\u00e9 el actual Presidente de la Rep\u00fablica, de manera desproporcionada con el n\u00famero de sus detractores, mantiene, en lo general, un alt\u00edsimo \u00edndice de aceptaci\u00f3n, no as\u00ed su Partido y su slogan que pretenden representar a un cuarto movimiento transformador (4T) de instituciones, aunque conservador de una esencia de lucha que se nutre en la historia personal de sus protagonistas y en la certeza del cambio, como fundamento para seguir cambiando?&nbsp;<\/p>\n\n\n\n<p>Espero que los juicios de valor que necesariamente tienen que nutrir mis afirmaciones, no se interpreten como discriminatorios en materia de valores. Ante la evidencia, no queda m\u00e1s que rendirse sin m\u00e1s posible argumento de defensa, que alguna prueba en contrario. La llamada Cuatro T, solo puede justificar como realidad pragm\u00e1tica para su estilo de gobierno, una muy concreta serie de fracasos que hasta sus m\u00e1s acendrados defensores reconocen: la carest\u00eda de la vida, por ejemplo, pega fuerte en todos los sectores sociales y ya no es posible atribuirla a los gobiernos neoliberales de hace veinte, cincuenta o cien a\u00f1os.&nbsp;<\/p>\n\n\n\n<p>Hoy, cualquiera que tenga unos cuantos gramos de cerebro, puede advertir que los culpables son los gobernantes que est\u00e1n obligados a tomar decisiones aqu\u00ed y ahora. Sin embargo, la figura mesi\u00e1nica del Presidente, cruza el pantano sin manchar su plumaje y canta, aunque la rama cruja, porque cree tener confianza en la fuerza de sus alas.<\/p>\n\n\n\n<p>La prensa escrita y virtual, las redes sociales, la opini\u00f3n p\u00fablica generalizada y especializada, el aula universitaria, las pl\u00e1ticas de caf\u00e9 y pr\u00e1cticamente todas las formas de comunicaci\u00f3n informal, ya se acostumbraron a que, al abrir las p\u00e1ginas de cualquier medio informativo o escuchar al azar alg\u00fan noticiario radiof\u00f3nico o televisivo, (sin importar el liderazgo de un periodista) tienen que admitir, de manera indubitable, las diarias masacres que se atribuyen al crimen organizado, al cobro de cuotas a los productores del campo y de la ciudad, a la violencia que de diferentes maneras se manifiesta aqu\u00ed, all\u00e1 y m\u00e1s all\u00e1; al enfrentamiento de los ciudadanos, hartos de las extorsiones, en las cuales, ni el Ej\u00e9rcito se salva. Esa es la realidad, pero no queremos (\u00bfo no sabemos?), mirarla o descubrirla.<\/p>\n\n\n\n<p>Por ejemplo: en todas las disciplinas se habla de <em>La Verdad<\/em>, en cualquiera de sus facetas; \u00e9sta subyace en los diferentes sectores sociales; se oculta a los ojos de la gente com\u00fan (en nombre de la llamada \u201cVerdad Jur\u00eddica\u201d, se cometen injusticias, agravios, torpezas\u2026) en cambio, en nuestra sociedad, se da por hecho de que la verdad se anuncia de lunes a viernes, en un horario fijo y madrugador, por el mism\u00edsimo Mes\u00edas quien, de manera dogm\u00e1tica la revela, lo cual no tiene nada de extraordinario, pero s\u00ed es incre\u00edble que la gente lo siga en obediencia ciega.<\/p>\n\n\n\n<p>As\u00ed las cosas, el grueso de la poblaci\u00f3n no logra aterrizar en lo verdaderamente trascendente de lo que lee, escucha o ve en los medios, posiblemente en la calle de manera involuntaria, aunque, insisto: es la lectura la principal herramienta para acceder a la cultura. Para conocer hay que leer, y para leer se requieren dos condiciones fundamentales: 1.- La voluntad: querer hacerlo. 2.- El conocimiento: saber hacerlo.&nbsp;<\/p>\n\n\n\n<p>M\u00e9xico no es un pa\u00eds de lectores, las estad\u00edsticas marcan el \u00ednfimo nivel de lectura en todas las clases sociales, pol\u00edticas y econ\u00f3micas de la poblaci\u00f3n en el estado mexicano. Es cierto: muy poca gente lee en relaci\u00f3n con todo el c\u00famulo de potenciales lectores\u2026 pero, hay algo peor, un elevado porcentaje de los que leen, no lo saben hacer, reprueban en lectura de comprensi\u00f3n.&nbsp; Su conocimiento es superficial, acr\u00edtico, carente del m\u00e1s elemental de los niveles l\u00f3gicos. Es impresionante el n\u00famero de analfabetas funcionales en la poblaci\u00f3n mexicana y a\u00fan dentro de los \u00f3rganos a los cuales el Estado dota de la competencia y los medios para tal fin.<\/p>\n\n\n\n<p>No sabemos leer, no sabemos leer y no sabemos leer\u2026 aunque supuestamente los mexicanos tengamos todos los recursos humanos y materiales para ser una potencia de alto nivel en este sentido. Repito: toda prueba de lectura de comprensi\u00f3n en cualquiera de los niveles escolarizados y no escolarizados, dar\u00eda sorpresivos y deprimentes resultados.<\/p>\n\n\n\n<p>Mis compa\u00f1eros profesores, independientemente de su formaci\u00f3n profesional de baja calidad, dedican su tiempo a las \u201cgrillas sindicales\u201d, en busca de satisfacer sus intereses personales, sin preocuparse en m\u00ednima parte por lo que es M\u00e9xico, sus valores, sus principios, su necesidad de sobrevivencia como Estado soberano.<\/p>\n\n\n\n<p>Las organizaciones sindicales, como bien se sabe, claman y reclaman mayores cotos de poder pol\u00edtico y econ\u00f3mico dentro de la vida de la Rep\u00fablica.<\/p>\n\n\n\n<p>Los profesores tenemos obligaci\u00f3n de conocer e interpretar la realidad nacional e internacional en donde se desenvuelve el Estado mexicano:&nbsp; aprehenderla y transmitirla con enfoque cr\u00edtico, sin dar por hecho de que todo lo que ocurre est\u00e1 bien, para estimular el ego de quien gobierna, pensando en sus actos inmediatos de autoridad, pero considerando tambi\u00e9n sus repercusiones electorales de naturaleza transexenal.<\/p>\n\n\n\n<p>Para lograr la formaci\u00f3n de un M\u00e9xico ideal, se requiere la b\u00fasqueda y encuentro de un arquetipo de mexicano ideal, de un hombre nuevo. Es necesario compenetrarse en el texto del art\u00edculo tercero constitucional, de la historia con sus aciertos y desaciertos y con los valores m\u00e1s acendrados de nuestro tiempo, pensando que \u00e9ste es el fundamento del futuro y que los hombres nos parecemos m\u00e1s a nuestro tiempo, que a nuestros padres.&nbsp;<\/p>\n","protected":false},"excerpt":{"rendered":"<p>FAMILIA POL\u00cdTICA \u201cLos hombres se parecen m\u00e1s&nbsp; a su tiempo que a sus padres\u201d Marc Bloch En el M\u00e9xico que nos toca vivir, existen serias interrogantes, algunas profundamente existenciales, otras puramente coyunturales, algunas m\u00e1s, producidas por nuestras deficiencias formativas e informativas.&nbsp; Me explico: \u00bfPor qu\u00e9 el actual Presidente de la Rep\u00fablica, de manera desproporcionada con [&hellip;]<\/p>\n","protected":false},"author":89,"featured_media":241781,"comment_status":"closed","ping_status":"closed","sticky":false,"template":"","format":"standard","meta":{"footnotes":""},"categories":[42,50],"tags":[],"class_list":["post-295192","post","type-post","status-publish","format-standard","has-post-thumbnail","hentry","category-nuestrapalabra","category-prisciliano-gutierrez"],"_links":{"self":[{"href":"https:\/\/plazajuarez.mx\/historico\/wp-json\/wp\/v2\/posts\/295192","targetHints":{"allow":["GET"]}}],"collection":[{"href":"https:\/\/plazajuarez.mx\/historico\/wp-json\/wp\/v2\/posts"}],"about":[{"href":"https:\/\/plazajuarez.mx\/historico\/wp-json\/wp\/v2\/types\/post"}],"author":[{"embeddable":true,"href":"https:\/\/plazajuarez.mx\/historico\/wp-json\/wp\/v2\/users\/89"}],"replies":[{"embeddable":true,"href":"https:\/\/plazajuarez.mx\/historico\/wp-json\/wp\/v2\/comments?post=295192"}],"version-history":[{"count":0,"href":"https:\/\/plazajuarez.mx\/historico\/wp-json\/wp\/v2\/posts\/295192\/revisions"}],"wp:featuredmedia":[{"embeddable":true,"href":"https:\/\/plazajuarez.mx\/historico\/wp-json\/wp\/v2\/media\/241781"}],"wp:attachment":[{"href":"https:\/\/plazajuarez.mx\/historico\/wp-json\/wp\/v2\/media?parent=295192"}],"wp:term":[{"taxonomy":"category","embeddable":true,"href":"https:\/\/plazajuarez.mx\/historico\/wp-json\/wp\/v2\/categories?post=295192"},{"taxonomy":"post_tag","embeddable":true,"href":"https:\/\/plazajuarez.mx\/historico\/wp-json\/wp\/v2\/tags?post=295192"}],"curies":[{"name":"wp","href":"https:\/\/api.w.org\/{rel}","templated":true}]}}