{"id":295166,"date":"2024-01-15T03:05:40","date_gmt":"2024-01-15T09:05:40","guid":{"rendered":"https:\/\/plazajuarez.mx\/?p=295166"},"modified":"2024-01-15T03:05:43","modified_gmt":"2024-01-15T09:05:43","slug":"loeb-se-reivindica-ante-sainz-nani-roma-se-retira-y-cornejo-suma-su-tercer-triunfo","status":"publish","type":"post","link":"https:\/\/plazajuarez.mx\/historico\/loeb-se-reivindica-ante-sainz-nani-roma-se-retira-y-cornejo-suma-su-tercer-triunfo\/","title":{"rendered":"Loeb se reivindica ante Sainz, Nani Roma se retira y Cornejo suma su tercer triunfo"},"content":{"rendered":"\n<p class=\"wp-block-paragraph\">El franc\u00e9s S\u00e9bastien Loeb (Prodrive) se reivindic\u00f3 este domingo ante el espa\u00f1ol Carlos Sainz (Audi) con una victoria que le permiti\u00f3 recortar diez minutos respecto al l\u00edder del Dakar, en una etapa que dej\u00f3 la retirada del tambi\u00e9n espa\u00f1ol Nani Roma (Ford) y apret\u00f3, a\u00fan m\u00e1s, la general en las motos.<\/p>\n\n\n\n<p class=\"wp-block-paragraph\">Tan ajustada est\u00e1 la competici\u00f3n a dos ruedas que el l\u00edder, el estadounidense Ricky Brabec (Honda), y el segundo, el botsuano Ross Branch (Hero), se diferencian en tan solo un segundo tras siete etapas, en una clasificaci\u00f3n a la que parece apuntarse el chileno Nacho Cornejo (Honda), que sum\u00f3 su tercer triunfo en esta edici\u00f3n.<\/p>\n\n\n\n<p class=\"wp-block-paragraph\">Cornejo lider\u00f3 una etapa en la que estuvo acompa\u00f1ado de los hermanos Benavides en el podio, que buscan apuntarse a la general en esta segunda semana, en la que el a\u00f1o pasado ya demostraron que eran m\u00e1s regulares.<\/p>\n\n\n\n<p class=\"wp-block-paragraph\">As\u00ed, los hermanos Kevin (KTM) y Luciano Benavides (Husqvarna) siguen su escalada en la general. Kevin, segundo este domingo, est\u00e1 quinto a 21 minutos y 39 segundos, mientras que Luciano, tercero esta s\u00e9ptima jornada, sigue octavo a 43 minutos y 12 segundos.<\/p>\n\n\n\n<p class=\"wp-block-paragraph\"><strong>Nani Roma se retira y Ekstr\u00f6m dice adi\u00f3s a sus opciones&nbsp;<\/strong><\/p>\n\n\n\n<p class=\"wp-block-paragraph\">Loeb arriesg\u00f3 en su persecuci\u00f3n a Sainz y la jugada le sali\u00f3 bien. A pesar de abrir pista, el piloto galo exhibi\u00f3 un gran ritmo sobre la variada s\u00e9ptima etapa que transcurri\u00f3 entre Riad y Ad Duwadimi en un trazado muy diverso, puesto que altern\u00f3 tramos de arena, de dunas, de pista r\u00e1pida e incluso asfalto, algo at\u00edpico en este Dakar 2024.<\/p>\n\n\n\n<p class=\"wp-block-paragraph\">Pero la etapa no s\u00f3lo dej\u00f3 la victoria de Loeb, que est\u00e1 segundo, sino tambi\u00e9n el adi\u00f3s del sueco Mattias Ekstr\u00f6m (Audi) a sus opciones de ganar la general. Una aver\u00eda en la suspensi\u00f3n de su rueda trasera izquierda le oblig\u00f3 a parar durante m\u00e1s de tres horas y se despide de la enconada lucha que manten\u00eda con Sainz y Loeb por el liderato.<\/p>\n\n\n\n<p class=\"wp-block-paragraph\">As\u00ed, Loeb ocupa ya la segunda plaza que se gan\u00f3 Ekstr\u00f6m antes de la jornada de descanso, mientras que el brasile\u00f1o Lucas Moraes (Toyota) y su copiloto espa\u00f1ol Armand Monle\u00f3n ya ocupan la tercera plaza, a una hora y 35 segundos del madrile\u00f1o, que acab\u00f3 este domingo cuarto.<\/p>\n\n\n\n<p class=\"wp-block-paragraph\">El brasile\u00f1o qued\u00f3 segundo a siete minutos y seis segundos de Loeb, mientras que el catar\u00ed Nasser Al-Attiyah (Prodrive), ya sin opciones de su tercer t\u00edtulo consecutivo, finaliz\u00f3 tercero, a nueve minutos y 47 segundos del franc\u00e9s, qued\u00f3 justo por encima del espa\u00f1ol.<\/p>\n\n\n\n<p class=\"wp-block-paragraph\">No tuvo suerte Sainz, que tuvo un pinchazo mientras rodaba sobre las piedras y perdi\u00f3 siete de los once minutos perdidos, ni tampoco el catal\u00e1n Nani Roma (Ford), que tuvo que abandonar por una aver\u00eda &#8220;muy grave&#8221; en el motor, como coment\u00f3 a su llegada al campamento de Ad Duwadimi, donde termin\u00f3 esta s\u00e9ptima manga.<\/p>\n\n\n\n<p class=\"wp-block-paragraph\">No obstante, Roma seguir\u00e1 compitiendo en el Dakar 2024 aunque no pueda optar a la general, con el objetivo de que Ford, su equipo, tenga m\u00e1s datos e informaci\u00f3n sobre el coche de cara al a\u00f1o que viene, en el que quieren presentar un coche totalmente nuevo.<\/p>\n\n\n\n<p class=\"wp-block-paragraph\"><strong>Cornejo aprieta a\u00fan m\u00e1s la general&nbsp;<\/strong><\/p>\n\n\n\n<p class=\"wp-block-paragraph\">Sali\u00f3 a por todas el chileno Pablo Quintanilla (Honda), pero, como en la crono de 48 horas, volvi\u00f3 a tener un imprevisto. Tras dos primeros parciales en los que lider\u00f3 la etapa, al chileno se le par\u00f3 la moto en el kil\u00f3metro 112 y volvi\u00f3 a perder m\u00e1s de hora y cuarto para poder arreglar ese inconveniente.<\/p>\n\n\n\n<p class=\"wp-block-paragraph\">Cornejo se aprovech\u00f3 de ello y, aunque el mayor de los Benavides quiso aguarle la fiesta, el chileno sum\u00f3 su tercera victoria en esta edici\u00f3n, las mismas que Loeb, mientras que Brabec y Branch luchaban por el liderato.<\/p>\n\n\n\n<p class=\"wp-block-paragraph\">De hecho, aunque por muchos minutos, Branch fue l\u00edder provisional de la carrera, un estir\u00f3n final del estadounidense le permiti\u00f3 acercarse y acabar a cincuenta segundos del botsuano, amarrando el liderato por un segundo. Mientras, el chileno ya est\u00e1 a apenas seis minutos y 48 segundos de Brabec, en una general en la que ocho pilotos est\u00e1n en 43 minutos.<\/p>\n","protected":false},"excerpt":{"rendered":"<p>El franc\u00e9s S\u00e9bastien Loeb (Prodrive) se reivindic\u00f3 este domingo ante el espa\u00f1ol Carlos Sainz (Audi) con una victoria que le permiti\u00f3 recortar diez minutos respecto al l\u00edder del Dakar, en una etapa que dej\u00f3 la retirada del tambi\u00e9n espa\u00f1ol Nani Roma (Ford) y apret\u00f3, a\u00fan m\u00e1s, la general en las motos. Tan ajustada est\u00e1 la [&hellip;]<\/p>\n","protected":false},"author":80,"featured_media":295167,"comment_status":"closed","ping_status":"closed","sticky":false,"template":"","format":"standard","meta":{"footnotes":""},"categories":[39],"tags":[],"class_list":["post-295166","post","type-post","status-publish","format-standard","has-post-thumbnail","hentry","category-deportiva"],"_links":{"self":[{"href":"https:\/\/plazajuarez.mx\/historico\/wp-json\/wp\/v2\/posts\/295166","targetHints":{"allow":["GET"]}}],"collection":[{"href":"https:\/\/plazajuarez.mx\/historico\/wp-json\/wp\/v2\/posts"}],"about":[{"href":"https:\/\/plazajuarez.mx\/historico\/wp-json\/wp\/v2\/types\/post"}],"author":[{"embeddable":true,"href":"https:\/\/plazajuarez.mx\/historico\/wp-json\/wp\/v2\/users\/80"}],"replies":[{"embeddable":true,"href":"https:\/\/plazajuarez.mx\/historico\/wp-json\/wp\/v2\/comments?post=295166"}],"version-history":[{"count":0,"href":"https:\/\/plazajuarez.mx\/historico\/wp-json\/wp\/v2\/posts\/295166\/revisions"}],"wp:featuredmedia":[{"embeddable":true,"href":"https:\/\/plazajuarez.mx\/historico\/wp-json\/wp\/v2\/media\/295167"}],"wp:attachment":[{"href":"https:\/\/plazajuarez.mx\/historico\/wp-json\/wp\/v2\/media?parent=295166"}],"wp:term":[{"taxonomy":"category","embeddable":true,"href":"https:\/\/plazajuarez.mx\/historico\/wp-json\/wp\/v2\/categories?post=295166"},{"taxonomy":"post_tag","embeddable":true,"href":"https:\/\/plazajuarez.mx\/historico\/wp-json\/wp\/v2\/tags?post=295166"}],"curies":[{"name":"wp","href":"https:\/\/api.w.org\/{rel}","templated":true}]}}