{"id":295154,"date":"2024-01-15T02:37:58","date_gmt":"2024-01-15T08:37:58","guid":{"rendered":"https:\/\/plazajuarez.mx\/?p=295154"},"modified":"2024-01-15T02:38:01","modified_gmt":"2024-01-15T08:38:01","slug":"descubrieron-el-cuerpo-sin-vida-de-un-recien-nacido-dentro-de-una-zanja-de-aguas-negras","status":"publish","type":"post","link":"https:\/\/plazajuarez.mx\/historico\/descubrieron-el-cuerpo-sin-vida-de-un-recien-nacido-dentro-de-una-zanja-de-aguas-negras\/","title":{"rendered":"Descubrieron el cuerpo sin vida de un reci\u00e9n\u00a0nacido dentro de una zanja de aguas negras"},"content":{"rendered":"\n<p class=\"wp-block-paragraph\">En un terreno de cultivo, sobre una zanja de riego de aguas negras, se tuvo a la vista el cuerpo sin vida<\/p>\n\n\n\n<p class=\"wp-block-paragraph\">Una intensa movilizaci\u00f3n de elementos polic\u00edacos, as\u00ed como de socorristas, se gener\u00f3 la tarde de este s\u00e1bado al filo de las 16:00 horas en la localidad Bocami\u00f1o, perteneciente al municipio de Francisco I. Madero, luego de que vecinos reportaron el avistamiento del cuerpo de un reci\u00e9n nacido y solicitaron la urgente intervenci\u00f3n de las instituciones de auxilio.<\/p>\n\n\n\n<p class=\"wp-block-paragraph\">La informaci\u00f3n inicial que trascendi\u00f3, refiere que fue sobre un terreno de cultivo, donde se tuvo a la vista al infortunado que fue hallado sobre una zanja de riego de aguas negras y de ello se alert\u00f3 a los tel\u00e9fonos de emergencias.<\/p>\n\n\n\n<p class=\"wp-block-paragraph\">La alerta se hizo extensiva v\u00eda radio y al lugar como primeros respondientes, arribaron elementos de la Polic\u00eda Municipal, quienes corroboraron la veracidad del aviso y reportaron que el infortunado parec\u00eda carecer de signos vitales, ya que no se mov\u00eda.<\/p>\n\n\n\n<p class=\"wp-block-paragraph\">Por ello de inmediato solicitaron la intervenci\u00f3n de param\u00e9dicos de Protecci\u00f3n Civil Municipal, quienes acudieron para valorar al beb\u00e9 y terminaron por certificar que ya estaba muerto.<\/p>\n\n\n\n<p class=\"wp-block-paragraph\">En el sitio se tuvo la asistencia de oficiales de la Polic\u00eda del Estado, quienes se entrevistaron con una persona que se identific\u00f3 con el nombre de Amado Granados Olvera de 54 a\u00f1os de edad, quien manifest\u00f3 a los guardianes de la ley que \u00e9l fue quien descubri\u00f3 el cuerpo del reci\u00e9n nacido y de inmediato dio aviso al 911 de Emergencias.<\/p>\n\n\n\n<p class=\"wp-block-paragraph\">Posteriormente, en el sitio del hallazgo, se cont\u00f3 con la presencia de elementos de la Polic\u00eda de Investigaci\u00f3n Criminal, quienes dieron inicio a las indagatorias para tratar de esclarecer el caso, as\u00ed como dar con el paradero de la madre del reci\u00e9n nacido y en caso de tratarse de un hecho fuera de la ley, realizar su detenci\u00f3n y puesta a disposici\u00f3n de la autoridad correspondiente.<\/p>\n\n\n\n<p class=\"wp-block-paragraph\">Posteriormente, los elementos polic\u00edacos acordonaron la escena del hallazgo para preservar los indicios, en tanto que personal de la Procuradur\u00eda General de Justicia del estado de Hidalgo, acudieron a dar fe de lo acontecido y a dar inicio a la carpeta de investigaci\u00f3n, donde se describieron los pormenores del hecho.<\/p>\n","protected":false},"excerpt":{"rendered":"<p>En un terreno de cultivo, sobre una zanja de riego de aguas negras, se tuvo a la vista el cuerpo sin vida Una intensa movilizaci\u00f3n de elementos polic\u00edacos, as\u00ed como de socorristas, se gener\u00f3 la tarde de este s\u00e1bado al filo de las 16:00 horas en la localidad Bocami\u00f1o, perteneciente al municipio de Francisco I. [&hellip;]<\/p>\n","protected":false},"author":93,"featured_media":295155,"comment_status":"closed","ping_status":"closed","sticky":false,"template":"","format":"standard","meta":{"footnotes":""},"categories":[37],"tags":[],"class_list":["post-295154","post","type-post","status-publish","format-standard","has-post-thumbnail","hentry","category-barandilla"],"_links":{"self":[{"href":"https:\/\/plazajuarez.mx\/historico\/wp-json\/wp\/v2\/posts\/295154","targetHints":{"allow":["GET"]}}],"collection":[{"href":"https:\/\/plazajuarez.mx\/historico\/wp-json\/wp\/v2\/posts"}],"about":[{"href":"https:\/\/plazajuarez.mx\/historico\/wp-json\/wp\/v2\/types\/post"}],"author":[{"embeddable":true,"href":"https:\/\/plazajuarez.mx\/historico\/wp-json\/wp\/v2\/users\/93"}],"replies":[{"embeddable":true,"href":"https:\/\/plazajuarez.mx\/historico\/wp-json\/wp\/v2\/comments?post=295154"}],"version-history":[{"count":0,"href":"https:\/\/plazajuarez.mx\/historico\/wp-json\/wp\/v2\/posts\/295154\/revisions"}],"wp:featuredmedia":[{"embeddable":true,"href":"https:\/\/plazajuarez.mx\/historico\/wp-json\/wp\/v2\/media\/295155"}],"wp:attachment":[{"href":"https:\/\/plazajuarez.mx\/historico\/wp-json\/wp\/v2\/media?parent=295154"}],"wp:term":[{"taxonomy":"category","embeddable":true,"href":"https:\/\/plazajuarez.mx\/historico\/wp-json\/wp\/v2\/categories?post=295154"},{"taxonomy":"post_tag","embeddable":true,"href":"https:\/\/plazajuarez.mx\/historico\/wp-json\/wp\/v2\/tags?post=295154"}],"curies":[{"name":"wp","href":"https:\/\/api.w.org\/{rel}","templated":true}]}}