{"id":295107,"date":"2024-01-14T04:52:00","date_gmt":"2024-01-14T10:52:00","guid":{"rendered":"https:\/\/plazajuarez.mx\/?p=295107"},"modified":"2024-01-13T23:55:50","modified_gmt":"2024-01-14T05:55:50","slug":"dictaron-sentencia-de-56-anos-de-prision-a-dos-responsables-de-desaparicion-forzada","status":"publish","type":"post","link":"https:\/\/plazajuarez.mx\/historico\/dictaron-sentencia-de-56-anos-de-prision-a-dos-responsables-de-desaparicion-forzada\/","title":{"rendered":"Dictaron sentencia de 56 a\u00f1os de prisi\u00f3n a\u00a0dos responsables de desaparici\u00f3n forzada\u00a0"},"content":{"rendered":"\n<p>La Procuradur\u00eda General de Justicia del Estado de Hidalgo (PGJEH), obtuvo a trav\u00e9s de la Subprocuradur\u00eda de Delitos de G\u00e9nero, Desaparici\u00f3n de Personas e Impacto Social, sentencia condenatoria de 56 a\u00f1os de prisi\u00f3n, para dos personas responsables de desaparici\u00f3n cometida por particulares, agravada.<\/p>\n\n\n\n<p>Derivado de diversos actos de investigaci\u00f3n tanto de agentes del Ministerio P\u00fablico como de elementos de la Divisi\u00f3n de Investigaci\u00f3n adscritos a dicha Fiscal\u00eda, entre ellos un cateo, se obtuvieron datos de prueba con los que se determin\u00f3 que V. Q. R. y M. P. T. G., privaron de la libertad a la v\u00edctima menor de edad, quien fue rescatada con vida y devuelta a sus familiares.<\/p>\n\n\n\n<p>Las personas investigadas fueron detenidas por la Guardia Nacional en Tula de Allende y puestas a disposici\u00f3n del Ministerio P\u00fablico, por su probable responsabilidad en la privaci\u00f3n ilegal de la libertad, ocurrida en mayo de 2022.<\/p>\n\n\n\n<p>En audiencia inicial, el Ministerio P\u00fablico consigui\u00f3 la vinculaci\u00f3n a proceso para ambas personas imputadas y luego de agotar todas las etapas del proceso penal, personal ministerial de la Subprocuradur\u00eda de Delitos de G\u00e9nero, Desaparici\u00f3n de Personas e Impacto Social, obtuvo de la autoridad judicial, fallo condenatorio para V. Q. R. y M. P. T. G., por su responsabilidad en el delito de desaparici\u00f3n cometida por particulares agravada.<\/p>\n\n\n\n<p>El tribunal de enjuiciamiento dict\u00f3 sentencia de 56 a\u00f1os y tres meses de prisi\u00f3n para los responsables, adem\u00e1s se les fij\u00f3 una multa econ\u00f3mica y el pago por concepto de la reparaci\u00f3n del da\u00f1o.<\/p>\n","protected":false},"excerpt":{"rendered":"<p>La Procuradur\u00eda General de Justicia del Estado de Hidalgo (PGJEH), obtuvo a trav\u00e9s de la Subprocuradur\u00eda de Delitos de G\u00e9nero, Desaparici\u00f3n de Personas e Impacto Social, sentencia condenatoria de 56 a\u00f1os de prisi\u00f3n, para dos personas responsables de desaparici\u00f3n cometida por particulares, agravada. Derivado de diversos actos de investigaci\u00f3n tanto de agentes del Ministerio P\u00fablico [&hellip;]<\/p>\n","protected":false},"author":93,"featured_media":295109,"comment_status":"closed","ping_status":"closed","sticky":false,"template":"","format":"standard","meta":{"footnotes":""},"categories":[37],"tags":[],"class_list":["post-295107","post","type-post","status-publish","format-standard","has-post-thumbnail","hentry","category-barandilla"],"_links":{"self":[{"href":"https:\/\/plazajuarez.mx\/historico\/wp-json\/wp\/v2\/posts\/295107","targetHints":{"allow":["GET"]}}],"collection":[{"href":"https:\/\/plazajuarez.mx\/historico\/wp-json\/wp\/v2\/posts"}],"about":[{"href":"https:\/\/plazajuarez.mx\/historico\/wp-json\/wp\/v2\/types\/post"}],"author":[{"embeddable":true,"href":"https:\/\/plazajuarez.mx\/historico\/wp-json\/wp\/v2\/users\/93"}],"replies":[{"embeddable":true,"href":"https:\/\/plazajuarez.mx\/historico\/wp-json\/wp\/v2\/comments?post=295107"}],"version-history":[{"count":0,"href":"https:\/\/plazajuarez.mx\/historico\/wp-json\/wp\/v2\/posts\/295107\/revisions"}],"wp:featuredmedia":[{"embeddable":true,"href":"https:\/\/plazajuarez.mx\/historico\/wp-json\/wp\/v2\/media\/295109"}],"wp:attachment":[{"href":"https:\/\/plazajuarez.mx\/historico\/wp-json\/wp\/v2\/media?parent=295107"}],"wp:term":[{"taxonomy":"category","embeddable":true,"href":"https:\/\/plazajuarez.mx\/historico\/wp-json\/wp\/v2\/categories?post=295107"},{"taxonomy":"post_tag","embeddable":true,"href":"https:\/\/plazajuarez.mx\/historico\/wp-json\/wp\/v2\/tags?post=295107"}],"curies":[{"name":"wp","href":"https:\/\/api.w.org\/{rel}","templated":true}]}}