{"id":295089,"date":"2024-01-13T09:52:49","date_gmt":"2024-01-13T15:52:49","guid":{"rendered":"https:\/\/plazajuarez.mx\/?p=295089"},"modified":"2024-01-13T09:52:51","modified_gmt":"2024-01-13T15:52:51","slug":"presidente-municipal-jorge-marquez-inauguro-calle-solidaridad-y-rehabilitacion-de-linea-de-agua-en-colonia-metilatla","status":"publish","type":"post","link":"https:\/\/plazajuarez.mx\/historico\/presidente-municipal-jorge-marquez-inauguro-calle-solidaridad-y-rehabilitacion-de-linea-de-agua-en-colonia-metilatla\/","title":{"rendered":"PRESIDENTE MUNICIPAL JORGE M\u00c1RQUEZ INAUGUR\u00d3\u00a0 CALLE\u00a0 SOLIDARIDAD Y REHABILITACI\u00d3N DE L\u00cdNEA DE AGUA EN COLONIA METILATLA"},"content":{"rendered":"\n<p>Con recursos del programa FAISM, el Gobierno Municipal de Tulancingo consolid\u00f3 un nuevo beneficio de obra p\u00fablica, para amplificar la infraestructura b\u00e1sica en la colonia Metilatla.<\/p>\n\n\n\n<p>Ante ello, este 11 de enero se cumpli\u00f3 con la inauguraci\u00f3n de la calle Solidaridad, la cual abarc\u00f3 una extensi\u00f3n mayor a mil 600 metros cuadrados.<\/p>\n\n\n\n<p>E igualmente se incluy\u00f3 la rehabilitaci\u00f3n de la l\u00ednea de agua potable con una extensi\u00f3n de 772.95 metros lineales de tuber\u00eda de PVC.<\/p>\n\n\n\n<p>Ambos trabajos agrupan una inversi\u00f3n de 3 millones 160 mil 220.33 pesos, y en el caso de la nueva calle,&nbsp; implica responder a una petici\u00f3n de muchos a\u00f1os.&nbsp;<\/p>\n\n\n\n<p>En su mensaje, el presidente Jorge M\u00e1rquez Alvarado indic\u00f3 que en su gobierno la colonia Metilatla ha contado con beneficios importantes en pavimentos y otras obras, respondiendo as\u00ed a peticiones muy sentidas de la poblaci\u00f3n para que pueda movilizarse mejor y su calidad de vida se eleve.<\/p>\n\n\n\n<p>El mandatario dijo que, en su gobierno, las nuevas calles puestas en servicio en Metilatla son: 12 de diciembre,&nbsp; dos etapas de&nbsp; Rio Mississippi y en l\u00edmites con colonia Loma Bonita la&nbsp; pavimentaci\u00f3n de calle Cedros.<\/p>\n\n\n\n<p>M\u00e1rquez Alvarado record\u00f3 que desde campa\u00f1a comprometi\u00f3 revertir el rezago de infraestructura b\u00e1sica, y con acciones firmes es como se avanza en generar las obras que le sirven al ciudadano para acortar tiempos de desplazamiento y propiciar una mejor conectividad entre los centros de poblaci\u00f3n.<\/p>\n\n\n\n<p>Cabe mencionar que la calle solidaridad ten\u00eda muchos a\u00f1os de solicitarse sin respuesta, pero en este gobierno se materializa, sumando al prop\u00f3sito de desarrollo y ampliando la red vial municipal.<\/p>\n","protected":false},"excerpt":{"rendered":"<p>Con recursos del programa FAISM, el Gobierno Municipal de Tulancingo consolid\u00f3 un nuevo beneficio de obra p\u00fablica, para amplificar la infraestructura b\u00e1sica en la colonia Metilatla. Ante ello, este 11 de enero se cumpli\u00f3 con la inauguraci\u00f3n de la calle Solidaridad, la cual abarc\u00f3 una extensi\u00f3n mayor a mil 600 metros cuadrados. E igualmente se [&hellip;]<\/p>\n","protected":false},"author":93,"featured_media":295090,"comment_status":"closed","ping_status":"closed","sticky":false,"template":"","format":"standard","meta":{"footnotes":""},"categories":[40],"tags":[],"class_list":["post-295089","post","type-post","status-publish","format-standard","has-post-thumbnail","hentry","category-region"],"_links":{"self":[{"href":"https:\/\/plazajuarez.mx\/historico\/wp-json\/wp\/v2\/posts\/295089","targetHints":{"allow":["GET"]}}],"collection":[{"href":"https:\/\/plazajuarez.mx\/historico\/wp-json\/wp\/v2\/posts"}],"about":[{"href":"https:\/\/plazajuarez.mx\/historico\/wp-json\/wp\/v2\/types\/post"}],"author":[{"embeddable":true,"href":"https:\/\/plazajuarez.mx\/historico\/wp-json\/wp\/v2\/users\/93"}],"replies":[{"embeddable":true,"href":"https:\/\/plazajuarez.mx\/historico\/wp-json\/wp\/v2\/comments?post=295089"}],"version-history":[{"count":0,"href":"https:\/\/plazajuarez.mx\/historico\/wp-json\/wp\/v2\/posts\/295089\/revisions"}],"wp:featuredmedia":[{"embeddable":true,"href":"https:\/\/plazajuarez.mx\/historico\/wp-json\/wp\/v2\/media\/295090"}],"wp:attachment":[{"href":"https:\/\/plazajuarez.mx\/historico\/wp-json\/wp\/v2\/media?parent=295089"}],"wp:term":[{"taxonomy":"category","embeddable":true,"href":"https:\/\/plazajuarez.mx\/historico\/wp-json\/wp\/v2\/categories?post=295089"},{"taxonomy":"post_tag","embeddable":true,"href":"https:\/\/plazajuarez.mx\/historico\/wp-json\/wp\/v2\/tags?post=295089"}],"curies":[{"name":"wp","href":"https:\/\/api.w.org\/{rel}","templated":true}]}}