{"id":295083,"date":"2024-01-13T08:34:28","date_gmt":"2024-01-13T14:34:28","guid":{"rendered":"https:\/\/plazajuarez.mx\/?p=295083"},"modified":"2024-01-13T08:34:30","modified_gmt":"2024-01-13T14:34:30","slug":"se-incendia-tortilleria-en-acaxochitlan","status":"publish","type":"post","link":"https:\/\/plazajuarez.mx\/historico\/se-incendia-tortilleria-en-acaxochitlan\/","title":{"rendered":"Se incendia tortiller\u00eda en Acaxochitl\u00e1n"},"content":{"rendered":"\n<p><strong> ACAXOCHITL\u00c1N.- <\/strong>Debido a una fuga de gas al interior de una tortiller\u00eda ubicada en la calle Hidalgo, en el centro de Acaxochitl\u00e1n, se quem\u00f3 una m\u00e1quina industrial que gener\u00f3 la movilizaci\u00f3n de los servicios de emergencia, pero afortunadamente no se reportaron personas lesionadas.<\/p>\n\n\n\n<p>De acuerdo con el reporte policial, los hechos ocurrieron este viernes 12 de enero, despu\u00e9s de las 13:00 horas, por lo cual, se atrajo la presencia de numerosos curiosos que esperaban saber la causa del siniestro, mientras otros ped\u00edan ayuda al servicio de emergencias.<\/p>\n\n\n\n<p>En ese momento fueron intervenidos polic\u00edas municipales que se encontraban realizando recorridos de vigilancia, a quienes avisaron que se estaba incendiando la tortiller\u00eda \u201cLa Mazorca\u201d, al parecer por una fuga de gas.<\/p>\n\n\n\n<p>Una unidad y elementos de Protecci\u00f3n Civil de Acaxochitlan llegaron al lugar de los hechos y lograron sofocar el incendio, luego de evacuar a los presentes para evitar da\u00f1os humanos. Los propietarios clausuraron moment\u00e1neamente el negocio hasta concluir las diligencias.<\/p>\n","protected":false},"excerpt":{"rendered":"<p>ACAXOCHITL\u00c1N.- Debido a una fuga de gas al interior de una tortiller\u00eda ubicada en la calle Hidalgo, en el centro de Acaxochitl\u00e1n, se quem\u00f3 una m\u00e1quina industrial que gener\u00f3 la movilizaci\u00f3n de los servicios de emergencia, pero afortunadamente no se reportaron personas lesionadas. De acuerdo con el reporte policial, los hechos ocurrieron este viernes 12 [&hellip;]<\/p>\n","protected":false},"author":70,"featured_media":295084,"comment_status":"closed","ping_status":"closed","sticky":false,"template":"","format":"standard","meta":{"footnotes":""},"categories":[40],"tags":[],"class_list":["post-295083","post","type-post","status-publish","format-standard","has-post-thumbnail","hentry","category-region"],"_links":{"self":[{"href":"https:\/\/plazajuarez.mx\/historico\/wp-json\/wp\/v2\/posts\/295083","targetHints":{"allow":["GET"]}}],"collection":[{"href":"https:\/\/plazajuarez.mx\/historico\/wp-json\/wp\/v2\/posts"}],"about":[{"href":"https:\/\/plazajuarez.mx\/historico\/wp-json\/wp\/v2\/types\/post"}],"author":[{"embeddable":true,"href":"https:\/\/plazajuarez.mx\/historico\/wp-json\/wp\/v2\/users\/70"}],"replies":[{"embeddable":true,"href":"https:\/\/plazajuarez.mx\/historico\/wp-json\/wp\/v2\/comments?post=295083"}],"version-history":[{"count":0,"href":"https:\/\/plazajuarez.mx\/historico\/wp-json\/wp\/v2\/posts\/295083\/revisions"}],"wp:featuredmedia":[{"embeddable":true,"href":"https:\/\/plazajuarez.mx\/historico\/wp-json\/wp\/v2\/media\/295084"}],"wp:attachment":[{"href":"https:\/\/plazajuarez.mx\/historico\/wp-json\/wp\/v2\/media?parent=295083"}],"wp:term":[{"taxonomy":"category","embeddable":true,"href":"https:\/\/plazajuarez.mx\/historico\/wp-json\/wp\/v2\/categories?post=295083"},{"taxonomy":"post_tag","embeddable":true,"href":"https:\/\/plazajuarez.mx\/historico\/wp-json\/wp\/v2\/tags?post=295083"}],"curies":[{"name":"wp","href":"https:\/\/api.w.org\/{rel}","templated":true}]}}