{"id":295077,"date":"2024-01-13T07:48:25","date_gmt":"2024-01-13T13:48:25","guid":{"rendered":"https:\/\/plazajuarez.mx\/?p=295077"},"modified":"2024-01-13T07:48:28","modified_gmt":"2024-01-13T13:48:28","slug":"chocan-y-abandonan-camioneta-en-bulevar-de-tulancingo","status":"publish","type":"post","link":"https:\/\/plazajuarez.mx\/historico\/chocan-y-abandonan-camioneta-en-bulevar-de-tulancingo\/","title":{"rendered":"Chocan y abandonan camioneta en bulevar de Tulancingo"},"content":{"rendered":"\n<p><strong>TULANCINGO.- <\/strong>La madrugada de este viernes 12 de enero, se dio el choque de una camioneta contra un \u00e1rbol ubicado en el bulevar Emiliano Zapata de Tulancingo, sin que se supiera si hubo personas lesionadas o no, ya que \u00e9l o los tripulantes abandonaron la unidad.<\/p>\n\n\n\n<p>El hecho se suscit\u00f3 a tan solo uno metros del monumento conocido como \u201cEl Caballito\u201d, y de acuerdo con el reporte, se registr\u00f3 a las 00:20 horas de la madrugada a la altura del kil\u00f3metro 49.8 de la tambi\u00e9n carretera federal M\u00e9xico-Tuxpan.&nbsp;<\/p>\n\n\n\n<p>La camioneta de color rojo, modelo 2003, permanec\u00eda con sus cuatro llantas sobre el pavimento, pero con pronunciadas abolladuras y golpes en su parte frontal. Del golpe, incluso se regaron diferentes l\u00edquidos del motor sobre la carpeta asf\u00e1ltica.<\/p>\n\n\n\n<p>Los uniformados se\u00f1alaron que, posiblemente, la camioneta circulaba con direcci\u00f3n a la Ciudad de M\u00e9xico, cuando su conductor perdi\u00f3 el control de la unidad, \u201clo que origin\u00f3 que se impactara con su parte media frontal con objeto fijo (\u00e1rbol).<\/p>\n\n\n\n<p>Al sitio arribaron param\u00e9dicos de la Cruz Rojas, sin embargo, no dieron atenci\u00f3n a ninguna persona ya que el veh\u00edculo siniestrado estaba solo para la llegada de las corporaciones de emergencia.<\/p>\n","protected":false},"excerpt":{"rendered":"<p>TULANCINGO.- La madrugada de este viernes 12 de enero, se dio el choque de una camioneta contra un \u00e1rbol ubicado en el bulevar Emiliano Zapata de Tulancingo, sin que se supiera si hubo personas lesionadas o no, ya que \u00e9l o los tripulantes abandonaron la unidad. El hecho se suscit\u00f3 a tan solo uno metros [&hellip;]<\/p>\n","protected":false},"author":70,"featured_media":295078,"comment_status":"closed","ping_status":"closed","sticky":false,"template":"","format":"standard","meta":{"footnotes":""},"categories":[37,40],"tags":[],"class_list":["post-295077","post","type-post","status-publish","format-standard","has-post-thumbnail","hentry","category-barandilla","category-region"],"_links":{"self":[{"href":"https:\/\/plazajuarez.mx\/historico\/wp-json\/wp\/v2\/posts\/295077","targetHints":{"allow":["GET"]}}],"collection":[{"href":"https:\/\/plazajuarez.mx\/historico\/wp-json\/wp\/v2\/posts"}],"about":[{"href":"https:\/\/plazajuarez.mx\/historico\/wp-json\/wp\/v2\/types\/post"}],"author":[{"embeddable":true,"href":"https:\/\/plazajuarez.mx\/historico\/wp-json\/wp\/v2\/users\/70"}],"replies":[{"embeddable":true,"href":"https:\/\/plazajuarez.mx\/historico\/wp-json\/wp\/v2\/comments?post=295077"}],"version-history":[{"count":0,"href":"https:\/\/plazajuarez.mx\/historico\/wp-json\/wp\/v2\/posts\/295077\/revisions"}],"wp:featuredmedia":[{"embeddable":true,"href":"https:\/\/plazajuarez.mx\/historico\/wp-json\/wp\/v2\/media\/295078"}],"wp:attachment":[{"href":"https:\/\/plazajuarez.mx\/historico\/wp-json\/wp\/v2\/media?parent=295077"}],"wp:term":[{"taxonomy":"category","embeddable":true,"href":"https:\/\/plazajuarez.mx\/historico\/wp-json\/wp\/v2\/categories?post=295077"},{"taxonomy":"post_tag","embeddable":true,"href":"https:\/\/plazajuarez.mx\/historico\/wp-json\/wp\/v2\/tags?post=295077"}],"curies":[{"name":"wp","href":"https:\/\/api.w.org\/{rel}","templated":true}]}}